{"id":1174,"date":"2015-12-18T16:03:52","date_gmt":"2015-12-18T16:03:52","guid":{"rendered":"http:\/\/cdcerrito.gob.ar\/?p=1174"},"modified":"2015-12-18T16:03:52","modified_gmt":"2015-12-18T16:03:52","slug":"sesion-extraordinaria-22-de-diciembre","status":"publish","type":"post","link":"https:\/\/cdcerrito.gob.ar\/?p=1174","title":{"rendered":"SESI\u00d3N EXTRAORDINARIA 22 DE DICIEMBRE"},"content":{"rendered":"<p style=\"text-align: justify\">Por la presente, se invita a la Comunidad de Cerrito a asistir a la\u00a0<strong>SESI\u00d3N EXTRAORDINARIA\u00a0<\/strong>que tendr\u00e1 lugar a las 20 horas del d\u00eda Martes 22 de diciembre de 2015, en el Recinto del Concejo Deliberante de la Municipalidad de Cerrito.<\/p>\n<p style=\"text-align: justify\">Con el siguiente\u00a0<strong>ORDEN DEL D\u00cdA<\/strong>:<\/p>\n<p style=\"text-align: justify\">1-Tratamiento del <b>Proyecto de Resoluci\u00f3n<\/b> \u201cDe solicitud al Ministerio de Salud de la Provincia de Entre R\u00edos sobre la regularizaci\u00f3n al cargo de Director del Hospital Jos\u00e9 Mar\u00eda Miranda de nuestra Ciudad\u201d<\/p>\n<p style=\"text-align: justify\">Proyecto presentado por el Concejal Osvaldo Silvestre del Bloque U.V.C<\/p>\n<p style=\"text-align: right\">Gracias<\/p>\n","protected":false},"excerpt":{"rendered":"<p>Por la presente, se invita a la Comunidad de Cerrito a asistir a la\u00a0SESI\u00d3N EXTRAORDINARIA\u00a0que tendr\u00e1 lugar a las 20 horas del d\u00eda Martes 22 de diciembre de 2015, en el Recinto del Concejo Deliberante de la Municipalidad de Cerrito. Con el siguiente\u00a0ORDEN DEL D\u00cdA: 1-Tratamiento del Proyecto de Resoluci\u00f3n \u201cDe solicitud al Ministerio de [&hellip;]<\/p>\n","protected":false},"author":4,"featured_media":0,"comment_status":"open","ping_status":"open","sticky":false,"template":"","format":"standard","meta":{"_links_to":"","_links_to_target":""},"categories":[24],"tags":[],"_links":{"self":[{"href":"https:\/\/cdcerrito.gob.ar\/index.php?rest_route=\/wp\/v2\/posts\/1174"}],"collection":[{"href":"https:\/\/cdcerrito.gob.ar\/index.php?rest_route=\/wp\/v2\/posts"}],"about":[{"href":"https:\/\/cdcerrito.gob.ar\/index.php?rest_route=\/wp\/v2\/types\/post"}],"author":[{"embeddable":true,"href":"https:\/\/cdcerrito.gob.ar\/index.php?rest_route=\/wp\/v2\/users\/4"}],"replies":[{"embeddable":true,"href":"https:\/\/cdcerrito.gob.ar\/index.php?rest_route=%2Fwp%2Fv2%2Fcomments&post=1174"}],"version-history":[{"count":1,"href":"https:\/\/cdcerrito.gob.ar\/index.php?rest_route=\/wp\/v2\/posts\/1174\/revisions"}],"predecessor-version":[{"id":1175,"href":"https:\/\/cdcerrito.gob.ar\/index.php?rest_route=\/wp\/v2\/posts\/1174\/revisions\/1175"}],"wp:attachment":[{"href":"https:\/\/cdcerrito.gob.ar\/index.php?rest_route=%2Fwp%2Fv2%2Fmedia&parent=1174"}],"wp:term":[{"taxonomy":"category","embeddable":true,"href":"https:\/\/cdcerrito.gob.ar\/index.php?rest_route=%2Fwp%2Fv2%2Fcategories&post=1174"},{"taxonomy":"post_tag","embeddable":true,"href":"https:\/\/cdcerrito.gob.ar\/index.php?rest_route=%2Fwp%2Fv2%2Ftags&post=1174"}],"curies":[{"name":"wp","href":"https:\/\/api.w.org\/{rel}","templated":true}]}}