{"id":1177,"date":"2015-12-23T16:06:37","date_gmt":"2015-12-23T16:06:37","guid":{"rendered":"http:\/\/cdcerrito.gob.ar\/?p=1177"},"modified":"2015-12-30T12:41:10","modified_gmt":"2015-12-30T12:41:10","slug":"sesion-extraordinaria-29-de-diciembre-de-2015","status":"publish","type":"post","link":"https:\/\/cdcerrito.gob.ar\/?p=1177","title":{"rendered":"SESI\u00d3N EXTRAORDINARIA 29 DE DICIEMBRE DE 2015"},"content":{"rendered":"<p>Por la presente, se invita a la Comunidad de Cerrito a participar de la <strong>Sesi\u00f3n Extraordinaria<\/strong> que tendr\u00e1 lugar el d\u00eda <strong>martes<\/strong>\u00a0<strong>29 de diciembre de 2015, <\/strong>a las<strong> 2o horas,<\/strong> en el Recinto del Concejo Deliberante de nuestra Ciudad.<br \/>\n<!--more--><br \/>\nCon el Siguiente <b><span style=\"text-decoration: underline\">ORDEN DEL D\u00cdA<\/span>:<\/b><\/p>\n<p><b>\u00a0<\/b>1-\u00a0\u00a0\u00a0 Lectura del <strong>Acta de la Sesi\u00f3n Extraordinaria<\/strong> del 22 de diciembre de 2015.<\/p>\n<p>2-\u00a0\u00a0\u00a0 Lectura de un <strong>Comunicado del Colegio de Corredores P\u00fablicos Inmobiliarios de\u00a0 Entre R\u00edos<\/strong>.<\/p>\n<p>3-\u00a0\u00a0\u00a0 Petici\u00f3n de un particular de <strong>subdividir un inmueble<\/strong> exceptu\u00e1ndolo de la Ley N\u00b0 6041.<\/p>\n<p>4-\u00a0\u00a0\u00a0 <strong>Modificaci\u00f3n del Presupuesto Anual de Recursos y Gastos 2015.<\/strong> (Proyecto elevado por el Ejecutivo Municipal)<\/p>\n<p style=\"text-align: right\">Gracias<\/p>\n","protected":false},"excerpt":{"rendered":"<p>Por la presente, se invita a la Comunidad de Cerrito a participar de la Sesi\u00f3n Extraordinaria que tendr\u00e1 lugar el d\u00eda martes\u00a029 de diciembre de 2015, a las 2o horas, en el Recinto del Concejo Deliberante de nuestra Ciudad.<\/p>\n","protected":false},"author":4,"featured_media":0,"comment_status":"open","ping_status":"open","sticky":false,"template":"","format":"standard","meta":{"_links_to":"","_links_to_target":""},"categories":[24,3],"tags":[],"_links":{"self":[{"href":"https:\/\/cdcerrito.gob.ar\/index.php?rest_route=\/wp\/v2\/posts\/1177"}],"collection":[{"href":"https:\/\/cdcerrito.gob.ar\/index.php?rest_route=\/wp\/v2\/posts"}],"about":[{"href":"https:\/\/cdcerrito.gob.ar\/index.php?rest_route=\/wp\/v2\/types\/post"}],"author":[{"embeddable":true,"href":"https:\/\/cdcerrito.gob.ar\/index.php?rest_route=\/wp\/v2\/users\/4"}],"replies":[{"embeddable":true,"href":"https:\/\/cdcerrito.gob.ar\/index.php?rest_route=%2Fwp%2Fv2%2Fcomments&post=1177"}],"version-history":[{"count":3,"href":"https:\/\/cdcerrito.gob.ar\/index.php?rest_route=\/wp\/v2\/posts\/1177\/revisions"}],"predecessor-version":[{"id":1184,"href":"https:\/\/cdcerrito.gob.ar\/index.php?rest_route=\/wp\/v2\/posts\/1177\/revisions\/1184"}],"wp:attachment":[{"href":"https:\/\/cdcerrito.gob.ar\/index.php?rest_route=%2Fwp%2Fv2%2Fmedia&parent=1177"}],"wp:term":[{"taxonomy":"category","embeddable":true,"href":"https:\/\/cdcerrito.gob.ar\/index.php?rest_route=%2Fwp%2Fv2%2Fcategories&post=1177"},{"taxonomy":"post_tag","embeddable":true,"href":"https:\/\/cdcerrito.gob.ar\/index.php?rest_route=%2Fwp%2Fv2%2Ftags&post=1177"}],"curies":[{"name":"wp","href":"https:\/\/api.w.org\/{rel}","templated":true}]}}