{"id":1699,"date":"2016-05-23T13:10:20","date_gmt":"2016-05-23T13:10:20","guid":{"rendered":"http:\/\/cdcerrito.gob.ar\/?p=1699"},"modified":"2016-09-26T12:03:52","modified_gmt":"2016-09-26T12:03:52","slug":"resoluciones-2016-2","status":"publish","type":"post","link":"https:\/\/cdcerrito.gob.ar\/?p=1699","title":{"rendered":"RESOLUCIONES 2016"},"content":{"rendered":"<p>Resoluciones aprobadas en el transcurso de 2016<\/p>\n<p>13 de abril de 2016:\u00a0<a href=\"https:\/\/cdcerrito.gob.ar\/wp-content\/uploads\/RESOLUCION-N\u00ba-002.-Declaraci\u00f3n-Interes-Municipal-mejora-camino-Moreno-Ruta-10.pdf\">RESOLUCI\u00d3N N\u00ba 002. Declaraci\u00f3n Inter\u00e9s Municipal mejora camino Moreno-Ruta 10, <\/a><\/p>\n<p>13 de abril de abril de 2016:\u00a0<a href=\"https:\/\/cdcerrito.gob.ar\/wp-content\/uploads\/RESOLUCION-N\u00ba-003.-Declarando-de-Inter\u00e9s-Municipal-Mejora-Camino-que-une-Ruta-Prov.-N\u00ba-8-y-Puerto-Curtiembre.pdf\">RESOLUCION N\u00ba 003. Declarando de Inter\u00e9s Municipal Mejora Camino que une Ruta Prov. N\u00ba 8 y Puerto Curtiembre<\/a><\/p>\n<p>18 de mayo de 2016:\u00a0<a href=\"https:\/\/cdcerrito.gob.ar\/wp-content\/uploads\/P-RESOLUCION-N\u00ba-004.-CONVENIO-Autorizadando-al-Depto.-Ejecutivo-Municipal-a-firmar-Convenio-con-Policia.docx\">RESOLUCION N\u00ba 004. Autorizando al Ejecutivo Municipal a firmar un Convenio con la Polic\u00eda de Enrte R\u00edos para control de Transito y venta ambulante.<\/a><\/p>\n<p>18 de mayo de 2016:\u00a0<a href=\"https:\/\/cdcerrito.gob.ar\/wp-content\/uploads\/RESOLUCION-N\u00ba-005.-Declarando-de-Inter\u00e9s-Municipal-el-mantenimiento-de-postes-de-TELECOM-SA.pdf\">RESOLUCION N\u00ba 005. Declarando de Inter\u00e9s Municipal el mantenimiento de Postes de la Compa\u00f1\u00eda TELECOM\u00bb<\/a><\/p>\n<p>18 de mayo de 2016:\u00a0<a href=\"https:\/\/cdcerrito.gob.ar\/wp-content\/uploads\/RESOLUCI\u00d3N-N\u00ba-006.-Declarando-de-Inter\u00e9s-Municipal-la-Conferencia-de-Fundaci\u00f3n-Ave-Fenix.pdf\">RESOLUCI\u00d3N N\u00ba 006. Declarando de Inter\u00e9s Municipal la Conferencia de Ave F\u00e9nix\u00bb<\/a><\/p>\n<p>21 de Septiembre de 2016:\u00a0<a href=\"https:\/\/cdcerrito.gob.ar\/wp-content\/uploads\/RESOLUCI\u00d3N-N\u00ba-007.-Declarando-Ciudadana-Ilustre-a-la-Sra.-Marta-Solari-2.pdf\">RESOLUCI\u00d3N N\u00ba 007. Declarando Ciudadana Ilustre a la Sra. Marta Solari <\/a>\u00a0<a href=\"https:\/\/cdcerrito.gob.ar\/wp-content\/uploads\/RES.-N\u00ba-007.-Fundamentos.pdf\">RES. N\u00ba 007. Fundamentos<\/a><a href=\"https:\/\/cdcerrito.gob.ar\/wp-content\/uploads\/RESOLUCI\u00d3N-N\u00ba-007.-Declarando-Ciudadana-Ilustre-a-la-Sra.-Marta-Solari-2.pdf\"><br \/>\n<\/a><\/p>\n<p>21 de Septiembre de 2016:<a href=\"https:\/\/cdcerrito.gob.ar\/wp-content\/uploads\/RESOLUCI\u00d3N-N\u00ba-008-Declaraci\u00f3n-de-Inter\u00e9s-Municipal-el-Taller-Uso-apropiado-del-Medicamento-en-Adultos-Mayores.pdf\">RESOLUCI\u00d3N N\u00ba 008 Declaraci\u00f3n de Inter\u00e9s Municipal el Taller Uso apropiado del Medicamento en Adultos Mayores<\/a><\/p>\n<p>21 de Septiembre de 2016:<a href=\"https:\/\/cdcerrito.gob.ar\/wp-content\/uploads\/RESOLUCI\u00d3N-N\u00ba-009-Declaraci\u00f3n-de-Interes-Municipal-de-la-II-Edici\u00f3n-del-Cerrito-Cultural.pdf\">RESOLUCI\u00d3N N\u00ba 009. Declaraci\u00f3n de Inter\u00e9s Municipal de la II Edici\u00f3n del Cerrito Cultural<\/a><a href=\"https:\/\/cdcerrito.gob.ar\/wp-content\/uploads\/RESOLUCI\u00d3N-N\u00ba-009-Declaraci\u00f3n-de-Interes-Municipal-de-la-II-Edici\u00f3n-del-Cerrito-Cultural.pdf\"><br \/>\n<\/a><\/p>\n","protected":false},"excerpt":{"rendered":"<p>Resoluciones aprobadas en el transcurso de 2016 13 de abril de 2016:\u00a0RESOLUCI\u00d3N N\u00ba 002. Declaraci\u00f3n Inter\u00e9s Municipal mejora camino Moreno-Ruta 10, 13 de abril de abril de 2016:\u00a0RESOLUCION N\u00ba 003. Declarando de Inter\u00e9s Municipal Mejora Camino que une Ruta Prov. N\u00ba 8 y Puerto Curtiembre 18 de mayo de 2016:\u00a0RESOLUCION N\u00ba 004. Autorizando al Ejecutivo [&hellip;]<\/p>\n","protected":false},"author":4,"featured_media":0,"comment_status":"open","ping_status":"open","sticky":false,"template":"","format":"standard","meta":{"_links_to":"","_links_to_target":""},"categories":[6],"tags":[],"_links":{"self":[{"href":"https:\/\/cdcerrito.gob.ar\/index.php?rest_route=\/wp\/v2\/posts\/1699"}],"collection":[{"href":"https:\/\/cdcerrito.gob.ar\/index.php?rest_route=\/wp\/v2\/posts"}],"about":[{"href":"https:\/\/cdcerrito.gob.ar\/index.php?rest_route=\/wp\/v2\/types\/post"}],"author":[{"embeddable":true,"href":"https:\/\/cdcerrito.gob.ar\/index.php?rest_route=\/wp\/v2\/users\/4"}],"replies":[{"embeddable":true,"href":"https:\/\/cdcerrito.gob.ar\/index.php?rest_route=%2Fwp%2Fv2%2Fcomments&post=1699"}],"version-history":[{"count":9,"href":"https:\/\/cdcerrito.gob.ar\/index.php?rest_route=\/wp\/v2\/posts\/1699\/revisions"}],"predecessor-version":[{"id":1710,"href":"https:\/\/cdcerrito.gob.ar\/index.php?rest_route=\/wp\/v2\/posts\/1699\/revisions\/1710"}],"wp:attachment":[{"href":"https:\/\/cdcerrito.gob.ar\/index.php?rest_route=%2Fwp%2Fv2%2Fmedia&parent=1699"}],"wp:term":[{"taxonomy":"category","embeddable":true,"href":"https:\/\/cdcerrito.gob.ar\/index.php?rest_route=%2Fwp%2Fv2%2Fcategories&post=1699"},{"taxonomy":"post_tag","embeddable":true,"href":"https:\/\/cdcerrito.gob.ar\/index.php?rest_route=%2Fwp%2Fv2%2Ftags&post=1699"}],"curies":[{"name":"wp","href":"https:\/\/api.w.org\/{rel}","templated":true}]}}