{"id":1838,"date":"2016-07-11T14:13:29","date_gmt":"2016-07-11T14:13:29","guid":{"rendered":"http:\/\/cdcerrito.gob.ar\/?p=1838"},"modified":"2016-07-12T11:22:36","modified_gmt":"2016-07-12T11:22:36","slug":"concejo-juvenil","status":"publish","type":"post","link":"https:\/\/cdcerrito.gob.ar\/?p=1838","title":{"rendered":"Concejo Juvenil"},"content":{"rendered":"<p style=\"text-align: justify\"><img loading=\"lazy\" class=\" wp-image-1855 alignleft\" alt=\"II Sesi\u00f3n\" src=\"https:\/\/cdcerrito.gob.ar\/wp-content\/uploads\/II-Sesi\u00f3n-300x184.jpg\" width=\"210\" height=\"129\" srcset=\"https:\/\/cdcerrito.gob.ar\/wp-content\/uploads\/II-Sesi\u00f3n-300x184.jpg 300w, https:\/\/cdcerrito.gob.ar\/wp-content\/uploads\/II-Sesi\u00f3n.jpg 904w\" sizes=\"(max-width: 210px) 100vw, 210px\" \/><\/p>\n<p style=\"text-align: justify\"><img loading=\"lazy\" class=\" wp-image-1854 alignright\" style=\"line-height: 24px\" alt=\"Secretaria Juvenil\" src=\"https:\/\/cdcerrito.gob.ar\/wp-content\/uploads\/Secretaria-Juvenil-300x180.jpg\" width=\"210\" height=\"126\" srcset=\"https:\/\/cdcerrito.gob.ar\/wp-content\/uploads\/Secretaria-Juvenil-300x180.jpg 300w, https:\/\/cdcerrito.gob.ar\/wp-content\/uploads\/Secretaria-Juvenil.jpg 1024w\" sizes=\"(max-width: 210px) 100vw, 210px\" \/><\/p>\n<h5 style=\"text-align: justify\"><\/h5>\n<h5 style=\"text-align: justify\"><\/h5>\n<h5 style=\"text-align: justify\"><\/h5>\n<h5 style=\"text-align: justify\"><\/h5>\n<h5 style=\"text-align: justify\"><\/h5>\n<h5 style=\"text-align: justify\"><\/h5>\n<h5 style=\"text-align: center\"><span style=\"font-size: 16px\">El jueves 7 de julio tuvo lugar la II Sesi\u00f3n Ordinaria del Concejo Deliberante Juvenil.\u00a0<\/span><\/h5>\n<p style=\"text-align: justify\">En la misma, se tom\u00f3 Juramento a Francisco Agust\u00edn Sacks, quien se incorpor\u00f3 recientemente como Concejal Titular por el Colegio Nacional Cerrito.<\/p>\n<p><a href=\"https:\/\/cdcerrito.gob.ar\/wp-content\/uploads\/Cachito.jpg\"><img loading=\"lazy\" class=\"aligncenter\" alt=\"\" src=\"https:\/\/cdcerrito.gob.ar\/wp-content\/uploads\/Cachito-300x197.jpg\" width=\"300\" height=\"197\" \/><\/a><\/p>\n<p style=\"text-align: justify\"><!--more--><\/p>\n<p style=\"text-align: justify\">En esta Sesi\u00f3n, el Concejo Juvenil retom\u00f3 el proyecto de Ordenanza de \u00abRegulaci\u00f3n de Carteler\u00eda de Propaganda Pol\u00edtica\u00bb que elaboraron\u00a0durante el a\u00f1o 2015 y que fuera tratado por el Concejo Deliberante de la Ciudad en dos ocasiones, el 16 de diciembre de 2015 y el 22 de junio del corriente, en esta segunda oportunidad los Concejales de la ciudad hab\u00edan solicitado una reuni\u00f3n con los Concejales Juveniles, a fin de trabajar juntos en el an\u00e1lisis del proyecto. Dicha reuni\u00f3n se concret\u00f3 efectivamente el d\u00eda 29 de junio, acord\u00e1ndose en ella una serie de modificaciones al proyecto original, una de las mas importantes es extender el alcance de la norma a todo tipo de carteler\u00eda callejera.<\/p>\n<p style=\"text-align: justify\">Los Concejales Juveniles analizaron la redacci\u00f3n final del proyecto, que ya contempla los puntos consensuados con los Concejales de la Ciudad el d\u00eda 29 de junio, en breve, este texto ser\u00e1 sometido nuevamente a consideraci\u00f3n del Concejo Deliberante de la Municipalidad.<\/p>\n<p style=\"text-align: justify\">Asimismo, cabe destacar que los j\u00f3venes avanzaron en la propuesta de nuevos proyectos legislativos, a trabajar durante el a\u00f1o, uno de ellos revela que el cuidado del ambiente es uno de los temas de mayor relevancia para ellos.<\/p>\n","protected":false},"excerpt":{"rendered":"<p>El jueves 7 de julio tuvo lugar la II Sesi\u00f3n Ordinaria del Concejo Deliberante Juvenil.\u00a0 En la misma, se tom\u00f3 Juramento a Francisco Agust\u00edn Sacks, quien se incorpor\u00f3 recientemente como Concejal Titular por el Colegio Nacional Cerrito.<\/p>\n","protected":false},"author":4,"featured_media":0,"comment_status":"open","ping_status":"open","sticky":false,"template":"","format":"standard","meta":{"_links_to":"","_links_to_target":""},"categories":[12],"tags":[],"_links":{"self":[{"href":"https:\/\/cdcerrito.gob.ar\/index.php?rest_route=\/wp\/v2\/posts\/1838"}],"collection":[{"href":"https:\/\/cdcerrito.gob.ar\/index.php?rest_route=\/wp\/v2\/posts"}],"about":[{"href":"https:\/\/cdcerrito.gob.ar\/index.php?rest_route=\/wp\/v2\/types\/post"}],"author":[{"embeddable":true,"href":"https:\/\/cdcerrito.gob.ar\/index.php?rest_route=\/wp\/v2\/users\/4"}],"replies":[{"embeddable":true,"href":"https:\/\/cdcerrito.gob.ar\/index.php?rest_route=%2Fwp%2Fv2%2Fcomments&post=1838"}],"version-history":[{"count":16,"href":"https:\/\/cdcerrito.gob.ar\/index.php?rest_route=\/wp\/v2\/posts\/1838\/revisions"}],"predecessor-version":[{"id":1844,"href":"https:\/\/cdcerrito.gob.ar\/index.php?rest_route=\/wp\/v2\/posts\/1838\/revisions\/1844"}],"wp:attachment":[{"href":"https:\/\/cdcerrito.gob.ar\/index.php?rest_route=%2Fwp%2Fv2%2Fmedia&parent=1838"}],"wp:term":[{"taxonomy":"category","embeddable":true,"href":"https:\/\/cdcerrito.gob.ar\/index.php?rest_route=%2Fwp%2Fv2%2Fcategories&post=1838"},{"taxonomy":"post_tag","embeddable":true,"href":"https:\/\/cdcerrito.gob.ar\/index.php?rest_route=%2Fwp%2Fv2%2Ftags&post=1838"}],"curies":[{"name":"wp","href":"https:\/\/api.w.org\/{rel}","templated":true}]}}