{"id":2182,"date":"2016-12-15T13:38:07","date_gmt":"2016-12-15T13:38:07","guid":{"rendered":"http:\/\/cdcerrito.gob.ar\/?p=2182"},"modified":"2016-12-30T13:28:35","modified_gmt":"2016-12-30T13:28:35","slug":"reunion-concejo-en-comision","status":"publish","type":"post","link":"https:\/\/cdcerrito.gob.ar\/?p=2182","title":{"rendered":"Reuni\u00f3n CONCEJO EN COMISI\u00d3N"},"content":{"rendered":"<p style=\"text-align: justify\">El Concejo Deliberante de Cerrito informa a la Comunidad que el pr\u00f3ximo <strong>Mi\u00e9rcoles 21 de diciembre a las 21 horas<\/strong>, tendr\u00e1 lugar una <strong>reuni\u00f3n<\/strong>\u00a0de los <strong>miembros del Concejo Deliberante, los Integrantes del Departamento Ejecutivo Municipal y la Contadora Municipal.\u00a0<\/strong><\/p>\n<p><a href=\"https:\/\/cdcerrito.gob.ar\/wp-content\/uploads\/IMG-20161221-WA0008.jpg\"><img loading=\"lazy\" class=\" wp-image-2248 alignleft\" alt=\"IMG-20161221-WA0008\" src=\"https:\/\/cdcerrito.gob.ar\/wp-content\/uploads\/IMG-20161221-WA0008-300x187.jpg\" width=\"240\" height=\"150\" srcset=\"https:\/\/cdcerrito.gob.ar\/wp-content\/uploads\/IMG-20161221-WA0008-300x187.jpg 300w, https:\/\/cdcerrito.gob.ar\/wp-content\/uploads\/IMG-20161221-WA0008-1024x639.jpg 1024w, https:\/\/cdcerrito.gob.ar\/wp-content\/uploads\/IMG-20161221-WA0008.jpg 1280w\" sizes=\"(max-width: 240px) 100vw, 240px\" \/><a href=\"https:\/\/cdcerrito.gob.ar\/wp-content\/uploads\/IMG-20161221-WA0007.jpg\"><img loading=\"lazy\" class=\" wp-image-2259 alignright\" alt=\"IMG-20161221-WA0007\" src=\"https:\/\/cdcerrito.gob.ar\/wp-content\/uploads\/IMG-20161221-WA0007-300x187.jpg\" width=\"259\" height=\"161\" srcset=\"https:\/\/cdcerrito.gob.ar\/wp-content\/uploads\/IMG-20161221-WA0007-300x187.jpg 300w, https:\/\/cdcerrito.gob.ar\/wp-content\/uploads\/IMG-20161221-WA0007-1024x639.jpg 1024w, https:\/\/cdcerrito.gob.ar\/wp-content\/uploads\/IMG-20161221-WA0007.jpg 1280w\" sizes=\"(max-width: 259px) 100vw, 259px\" \/><\/a><\/a><\/p>\n<p>&nbsp;<\/p>\n<p>&nbsp;<\/p>\n<p>&nbsp;<\/p>\n<p>&nbsp;<\/p>\n<p><span style=\"text-align: justify\">Esta reuni\u00f3n, pautada por los Concejales durante la Sesi\u00f3n Ordinaria del 26 de octubre del corriente, tiene por objetivo analizar conjunta y exclusivamente los siguientes proyectos:<\/span><\/p>\n<p style=\"text-align: justify\"><!--more--><\/p>\n<p style=\"text-align: justify\">*Proyecto de Ordenanza <i>Presupuesto de Gastos y C\u00e1lculo de Recursos para el Ejercicio 2017\u00a0<em>(Departamento Ejecutivo Municipal)<\/em><\/i><\/p>\n<p style=\"text-align: justify\">*Proyecto de Ordenanza <i>C\u00f3digo Tributario Municipal\u00a0<em>(Departamento Ejecutivo Municipal)<\/em><\/i><\/p>\n<p style=\"text-align: justify\">*Proyecto de Ordenanza <em>Modificaci\u00f3n del Presupuesto de Gastos y Calculo de Recursos para el Ejercicio 2016 (Departamento Ejecutivo Municipal)<\/em><\/p>\n<p style=\"text-align: justify\">*Proyecto de Ordenanza de Situaci\u00f3n Habitacional (Bloque Cambiemos)<\/p>\n<p style=\"text-align: right\">Gracias!<\/p>\n","protected":false},"excerpt":{"rendered":"<p>El Concejo Deliberante de Cerrito informa a la Comunidad que el pr\u00f3ximo Mi\u00e9rcoles 21 de diciembre a las 21 horas, tendr\u00e1 lugar una reuni\u00f3n\u00a0de los miembros del Concejo Deliberante, los Integrantes del Departamento Ejecutivo Municipal y la Contadora Municipal.\u00a0 &nbsp; &nbsp; &nbsp; &nbsp; Esta reuni\u00f3n, pautada por los Concejales durante la Sesi\u00f3n Ordinaria del 26 [&hellip;]<\/p>\n","protected":false},"author":4,"featured_media":0,"comment_status":"open","ping_status":"open","sticky":false,"template":"","format":"standard","meta":{"_links_to":"","_links_to_target":""},"categories":[24],"tags":[],"_links":{"self":[{"href":"https:\/\/cdcerrito.gob.ar\/index.php?rest_route=\/wp\/v2\/posts\/2182"}],"collection":[{"href":"https:\/\/cdcerrito.gob.ar\/index.php?rest_route=\/wp\/v2\/posts"}],"about":[{"href":"https:\/\/cdcerrito.gob.ar\/index.php?rest_route=\/wp\/v2\/types\/post"}],"author":[{"embeddable":true,"href":"https:\/\/cdcerrito.gob.ar\/index.php?rest_route=\/wp\/v2\/users\/4"}],"replies":[{"embeddable":true,"href":"https:\/\/cdcerrito.gob.ar\/index.php?rest_route=%2Fwp%2Fv2%2Fcomments&post=2182"}],"version-history":[{"count":9,"href":"https:\/\/cdcerrito.gob.ar\/index.php?rest_route=\/wp\/v2\/posts\/2182\/revisions"}],"predecessor-version":[{"id":2250,"href":"https:\/\/cdcerrito.gob.ar\/index.php?rest_route=\/wp\/v2\/posts\/2182\/revisions\/2250"}],"wp:attachment":[{"href":"https:\/\/cdcerrito.gob.ar\/index.php?rest_route=%2Fwp%2Fv2%2Fmedia&parent=2182"}],"wp:term":[{"taxonomy":"category","embeddable":true,"href":"https:\/\/cdcerrito.gob.ar\/index.php?rest_route=%2Fwp%2Fv2%2Fcategories&post=2182"},{"taxonomy":"post_tag","embeddable":true,"href":"https:\/\/cdcerrito.gob.ar\/index.php?rest_route=%2Fwp%2Fv2%2Ftags&post=2182"}],"curies":[{"name":"wp","href":"https:\/\/api.w.org\/{rel}","templated":true}]}}