{"id":2477,"date":"2017-06-26T07:54:58","date_gmt":"2017-06-26T07:54:58","guid":{"rendered":"http:\/\/cdcerrito.gob.ar\/?p=2477"},"modified":"2017-06-29T13:27:01","modified_gmt":"2017-06-29T13:27:01","slug":"convocatoria-abierta-proyecto-conservacion-del-patrimonio-cultural-y-natural","status":"publish","type":"post","link":"https:\/\/cdcerrito.gob.ar\/?p=2477","title":{"rendered":"Convocatoria abierta: Proyecto Conservaci\u00f3n del Patrimonio Cultural y Natural"},"content":{"rendered":"<p>El <strong>Concejo Deliberante de Cerrito convoca a profesionales y personas interesadas<\/strong> en trabajar sobre el Proyecto de Ordenanza\u00a0 <strong>\u201cConservaci\u00f3n del Patrimonio Cultural y Natural\u201d<\/strong>, actualmente en tratamiento de Comisi\u00f3n. La reuni\u00f3n se realizar\u00e1 el mi\u00e9rcoles 28 de junio, a las 20:30, en el Sal\u00f3n Auditorio de la Municipalidad.<!--more--><\/p>\n<p>Se invita a los ciudadanos que puedan hacer aportes vinculados a lo cultural, art\u00edstico, hist\u00f3rico, arquitect\u00f3nico, urban\u00edstico, paisaj\u00edstico y natural de nuestra localidad.<\/p>\n<p>El objetivo general es establecer las acciones destinadas a la protecci\u00f3n, preservaci\u00f3n, salvaguarda, restauraci\u00f3n, promoci\u00f3n, acrecentamiento y transmisi\u00f3n de aquellos bienes muebles o inmuebles, p\u00fablicos o privados, considerados componentes del patrimonio cultural, hist\u00f3rico, arquitect\u00f3nico, urban\u00edstico, paisaj\u00edstico y ambiental de la localidad mediante la declaraci\u00f3n de \u201cInter\u00e9s Patrimonial Cultural o Natural\u00bb para la Ciudad de Cerrito.<\/p>\n<p style=\"text-align: right\"><em>\u00abEl Patrimonio Cultural y Natural<b>\u00a0<\/b>de una ciudad<b>\u00a0<\/b>expresa los or\u00edgenes, la historia, la identidad y riqueza del pueblo que la habita. El transcurso del tiempo, el crecimiento demogr\u00e1fico, la consecuente expansi\u00f3n y densificaci\u00f3n urbana y el desarrollo de las actividades econ\u00f3micas, propias de la regi\u00f3n, impacta en aquellos bienes naturales y culturales que nos identifican, generando un paulatino pero progresivo deterioro, que, en algunos casos, puede llegar hasta la desaparici\u00f3n de los mismos\u00bb<\/em><\/p>\n<p style=\"text-align: left\">Si usted est\u00e1 interesado, puede acceder a una copia del Proyecto en el siguiente link:\u00a0<a href=\"https:\/\/cdcerrito.gob.ar\/wp-content\/uploads\/Proyecto-de-ORDENANZA-Patrimonio-Cultural-y-Natural.pdf\">Proyecto de ORDENANZA Patrimonio Cultural y Natural<\/a><a href=\"https:\/\/cdcerrito.gob.ar\/wp-content\/uploads\/Proyecto-de-ORDENANZA-Patrimonio-Cultural-y-Natural.docx\"><br \/>\n<\/a><\/p>\n<p>&nbsp;<\/p>\n<p><i>\u00a0<\/i><\/p>\n","protected":false},"excerpt":{"rendered":"<p>El Concejo Deliberante de Cerrito convoca a profesionales y personas interesadas en trabajar sobre el Proyecto de Ordenanza\u00a0 \u201cConservaci\u00f3n del Patrimonio Cultural y Natural\u201d, actualmente en tratamiento de Comisi\u00f3n. La reuni\u00f3n se realizar\u00e1 el mi\u00e9rcoles 28 de junio, a las 20:30, en el Sal\u00f3n Auditorio de la Municipalidad.<\/p>\n","protected":false},"author":4,"featured_media":0,"comment_status":"open","ping_status":"open","sticky":false,"template":"","format":"standard","meta":{"_links_to":"","_links_to_target":""},"categories":[24],"tags":[],"_links":{"self":[{"href":"https:\/\/cdcerrito.gob.ar\/index.php?rest_route=\/wp\/v2\/posts\/2477"}],"collection":[{"href":"https:\/\/cdcerrito.gob.ar\/index.php?rest_route=\/wp\/v2\/posts"}],"about":[{"href":"https:\/\/cdcerrito.gob.ar\/index.php?rest_route=\/wp\/v2\/types\/post"}],"author":[{"embeddable":true,"href":"https:\/\/cdcerrito.gob.ar\/index.php?rest_route=\/wp\/v2\/users\/4"}],"replies":[{"embeddable":true,"href":"https:\/\/cdcerrito.gob.ar\/index.php?rest_route=%2Fwp%2Fv2%2Fcomments&post=2477"}],"version-history":[{"count":15,"href":"https:\/\/cdcerrito.gob.ar\/index.php?rest_route=\/wp\/v2\/posts\/2477\/revisions"}],"predecessor-version":[{"id":2572,"href":"https:\/\/cdcerrito.gob.ar\/index.php?rest_route=\/wp\/v2\/posts\/2477\/revisions\/2572"}],"wp:attachment":[{"href":"https:\/\/cdcerrito.gob.ar\/index.php?rest_route=%2Fwp%2Fv2%2Fmedia&parent=2477"}],"wp:term":[{"taxonomy":"category","embeddable":true,"href":"https:\/\/cdcerrito.gob.ar\/index.php?rest_route=%2Fwp%2Fv2%2Fcategories&post=2477"},{"taxonomy":"post_tag","embeddable":true,"href":"https:\/\/cdcerrito.gob.ar\/index.php?rest_route=%2Fwp%2Fv2%2Ftags&post=2477"}],"curies":[{"name":"wp","href":"https:\/\/api.w.org\/{rel}","templated":true}]}}