{"id":2626,"date":"2017-07-28T15:26:16","date_gmt":"2017-07-28T15:26:16","guid":{"rendered":"http:\/\/cdcerrito.gob.ar\/?p=2626"},"modified":"2017-07-28T15:32:15","modified_gmt":"2017-07-28T15:32:15","slug":"primer-plantacion-de-arboles","status":"publish","type":"post","link":"https:\/\/cdcerrito.gob.ar\/?p=2626","title":{"rendered":"Primer plantaci\u00f3n de arboles"},"content":{"rendered":"<p>En la tarde del d\u00eda jueves 27 de julio se realiz\u00f3 la primer plantaci\u00f3n de arboles hecha por el nacimiento de cuatro ni\u00f1os de nuestra ciudad.<\/p>\n<p style=\"text-align: center\"><a href=\"https:\/\/cdcerrito.gob.ar\/wp-content\/uploads\/plantacion-foto-grupal.jpg\"><img loading=\"lazy\" class=\"alignnone size-full wp-image-2627\" alt=\"plantacion foto grupal\" src=\"https:\/\/cdcerrito.gob.ar\/wp-content\/uploads\/plantacion-foto-grupal.jpg\" width=\"460\" height=\"397\" \/><\/a><\/p>\n<p>Un momento emotivo donde los papas junto a sus bebes, familiares y amigos compartieron con las Autoridades Municipales y los Concejales Juveniles, \u00a0la primer concreci\u00f3n de esta iniciativa de arborizaci\u00f3n urbana.<\/p>\n<p>La especie que se plant\u00f3 fue Handroanthus impetiginosus (Lapacho Rosado), en calle 25 de mayo y en inmediaciones de la Lagunita de Garay.<!--more--><\/p>\n<p>Los padrinos fueron Donato Bongiovanni (43 d\u00edas), Lionel Ram\u00edrez Guerra (7 meses) Paula Mart\u00ednez Palacios (8 meses) y Salvador Manuel Dab\u00edn (8 meses).<\/p>\n<p style=\"text-align: center\"><strong>El Concejo Deliberante agradece nuevamente a los papas de los ni\u00f1os por adherir al cuidado y arborizaci\u00f3n de nuestra Ciudad. Asimismo, comunica la vigencia de la Ordenanza N\u00ba 930, para todos los papas que deseen inscribir a sus bebes.<\/strong><\/p>\n<p style=\"text-align: center\"><strong>\u00a0<\/strong><\/p>\n","protected":false},"excerpt":{"rendered":"<p>En la tarde del d\u00eda jueves 27 de julio se realiz\u00f3 la primer plantaci\u00f3n de arboles hecha por el nacimiento de cuatro ni\u00f1os de nuestra ciudad. Un momento emotivo donde los papas junto a sus bebes, familiares y amigos compartieron con las Autoridades Municipales y los Concejales Juveniles, \u00a0la primer concreci\u00f3n de esta iniciativa de [&hellip;]<\/p>\n","protected":false},"author":4,"featured_media":0,"comment_status":"open","ping_status":"open","sticky":false,"template":"","format":"standard","meta":{"_links_to":"","_links_to_target":""},"categories":[24],"tags":[],"_links":{"self":[{"href":"https:\/\/cdcerrito.gob.ar\/index.php?rest_route=\/wp\/v2\/posts\/2626"}],"collection":[{"href":"https:\/\/cdcerrito.gob.ar\/index.php?rest_route=\/wp\/v2\/posts"}],"about":[{"href":"https:\/\/cdcerrito.gob.ar\/index.php?rest_route=\/wp\/v2\/types\/post"}],"author":[{"embeddable":true,"href":"https:\/\/cdcerrito.gob.ar\/index.php?rest_route=\/wp\/v2\/users\/4"}],"replies":[{"embeddable":true,"href":"https:\/\/cdcerrito.gob.ar\/index.php?rest_route=%2Fwp%2Fv2%2Fcomments&post=2626"}],"version-history":[{"count":5,"href":"https:\/\/cdcerrito.gob.ar\/index.php?rest_route=\/wp\/v2\/posts\/2626\/revisions"}],"predecessor-version":[{"id":2632,"href":"https:\/\/cdcerrito.gob.ar\/index.php?rest_route=\/wp\/v2\/posts\/2626\/revisions\/2632"}],"wp:attachment":[{"href":"https:\/\/cdcerrito.gob.ar\/index.php?rest_route=%2Fwp%2Fv2%2Fmedia&parent=2626"}],"wp:term":[{"taxonomy":"category","embeddable":true,"href":"https:\/\/cdcerrito.gob.ar\/index.php?rest_route=%2Fwp%2Fv2%2Fcategories&post=2626"},{"taxonomy":"post_tag","embeddable":true,"href":"https:\/\/cdcerrito.gob.ar\/index.php?rest_route=%2Fwp%2Fv2%2Ftags&post=2626"}],"curies":[{"name":"wp","href":"https:\/\/api.w.org\/{rel}","templated":true}]}}