{"id":2634,"date":"2017-07-28T15:50:58","date_gmt":"2017-07-28T15:50:58","guid":{"rendered":"http:\/\/cdcerrito.gob.ar\/?p=2634"},"modified":"2017-07-28T15:52:20","modified_gmt":"2017-07-28T15:52:20","slug":"inicio-del-programa-en-gestion-legislativa","status":"publish","type":"post","link":"https:\/\/cdcerrito.gob.ar\/?p=2634","title":{"rendered":"Inicio del Programa en Gesti\u00f3n Legislativa"},"content":{"rendered":"<p style=\"text-align: center\">Hoy viernes 28 de julio y ma\u00f1ana s\u00e1bado 29, comienza la <strong>Capacitaci\u00f3n en Gesti\u00f3n Legislativa y Pol\u00edticas P\u00fablicas Municipales<\/strong>, de la que participar\u00e1n Concejales, Presidentes y Secretarios de Concejos Deliberantes de la Provincia de Entre R\u00edos.<!--more--><\/p>\n<p style=\"text-align: center\">La materia a tratar corresponde al<strong> M\u00f3dulo I \u00abPresupuesto Municipal\u00bb <\/strong>y se dictar\u00e1 en la Facultad de Ciencias Econ\u00f3micas de la Universidad Nacional de Entre R\u00edos.<\/p>\n<p><a href=\"https:\/\/cdcerrito.gob.ar\/wp-content\/uploads\/gestion_legislativa.png\"><img loading=\"lazy\" class=\"alignnone size-full wp-image-2635\" alt=\"gestion_legislativa\" src=\"https:\/\/cdcerrito.gob.ar\/wp-content\/uploads\/gestion_legislativa.png\" width=\"800\" height=\"432\" \/><\/a><\/p>\n","protected":false},"excerpt":{"rendered":"<p>Hoy viernes 28 de julio y ma\u00f1ana s\u00e1bado 29, comienza la Capacitaci\u00f3n en Gesti\u00f3n Legislativa y Pol\u00edticas P\u00fablicas Municipales, de la que participar\u00e1n Concejales, Presidentes y Secretarios de Concejos Deliberantes de la Provincia de Entre R\u00edos.<\/p>\n","protected":false},"author":4,"featured_media":0,"comment_status":"open","ping_status":"open","sticky":false,"template":"","format":"standard","meta":{"_links_to":"","_links_to_target":""},"categories":[24],"tags":[],"_links":{"self":[{"href":"https:\/\/cdcerrito.gob.ar\/index.php?rest_route=\/wp\/v2\/posts\/2634"}],"collection":[{"href":"https:\/\/cdcerrito.gob.ar\/index.php?rest_route=\/wp\/v2\/posts"}],"about":[{"href":"https:\/\/cdcerrito.gob.ar\/index.php?rest_route=\/wp\/v2\/types\/post"}],"author":[{"embeddable":true,"href":"https:\/\/cdcerrito.gob.ar\/index.php?rest_route=\/wp\/v2\/users\/4"}],"replies":[{"embeddable":true,"href":"https:\/\/cdcerrito.gob.ar\/index.php?rest_route=%2Fwp%2Fv2%2Fcomments&post=2634"}],"version-history":[{"count":3,"href":"https:\/\/cdcerrito.gob.ar\/index.php?rest_route=\/wp\/v2\/posts\/2634\/revisions"}],"predecessor-version":[{"id":2637,"href":"https:\/\/cdcerrito.gob.ar\/index.php?rest_route=\/wp\/v2\/posts\/2634\/revisions\/2637"}],"wp:attachment":[{"href":"https:\/\/cdcerrito.gob.ar\/index.php?rest_route=%2Fwp%2Fv2%2Fmedia&parent=2634"}],"wp:term":[{"taxonomy":"category","embeddable":true,"href":"https:\/\/cdcerrito.gob.ar\/index.php?rest_route=%2Fwp%2Fv2%2Fcategories&post=2634"},{"taxonomy":"post_tag","embeddable":true,"href":"https:\/\/cdcerrito.gob.ar\/index.php?rest_route=%2Fwp%2Fv2%2Ftags&post=2634"}],"curies":[{"name":"wp","href":"https:\/\/api.w.org\/{rel}","templated":true}]}}