{"id":265,"date":"2020-06-12T11:12:45","date_gmt":"2020-06-12T11:12:45","guid":{"rendered":"http:\/\/cdcerrito.gob.ar\/?p=265"},"modified":"2020-06-12T14:08:48","modified_gmt":"2020-06-12T14:08:48","slug":"comision-hacienda-obras-publicas-y-produccion","status":"publish","type":"post","link":"https:\/\/cdcerrito.gob.ar\/?p=265","title":{"rendered":"COMISI\u00d3N HACIENDA, OBRAS P\u00daBLICAS Y PRODUCCI\u00d3N"},"content":{"rendered":"<p>&nbsp;<\/p>\n<p style=\"text-align: center\"><strong><span style=\"text-decoration: underline\">CONFORMACI\u00d3N DE LA COMISI\u00d3N A\u00d1O 2020<\/span><\/strong><\/p>\n<p>&nbsp;<\/p>\n<table border=\"1\" cellspacing=\"0\" cellpadding=\"0\">\n<tbody>\n<tr>\n<td valign=\"top\" width=\"299\">\n<p align=\"center\"><b><i>HACIENDA, OBRAS P\u00daBLICAS Y PRODUCCI\u00d3N<\/i><\/b><\/p>\n<\/td>\n<td valign=\"top\" width=\"299\">\n<p style=\"text-align: justify\" align=\"center\"><b><i>\u00a0 \u00a0 \u00a0 ALEJANDRA HALLER<\/i><\/b><\/p>\n<p style=\"text-align: justify\" align=\"center\"><b><i><\/i><\/b><b><i>\u00a0 \u00a0 \u00a0 <\/i><\/b><strong><i>OSVALDO\u00a0 \u00a0 SILVESTRE <\/i><\/strong><\/p>\n<p style=\"text-align: justify\" align=\"center\"><strong><i>\u00a0 \u00a0 \u00a0 RAUL MENDEZ<\/i><\/strong><\/p>\n<p style=\"text-align: justify\" align=\"center\">\n<\/td>\n<\/tr>\n<\/tbody>\n<\/table>\n","protected":false},"excerpt":{"rendered":"<p>&nbsp; CONFORMACI\u00d3N DE LA COMISI\u00d3N A\u00d1O 2020 &nbsp; HACIENDA, OBRAS P\u00daBLICAS Y PRODUCCI\u00d3N \u00a0 \u00a0 \u00a0 ALEJANDRA HALLER \u00a0 \u00a0 \u00a0 OSVALDO\u00a0 \u00a0 SILVESTRE \u00a0 \u00a0 \u00a0 RAUL MENDEZ<\/p>\n","protected":false},"author":4,"featured_media":0,"comment_status":"open","ping_status":"open","sticky":false,"template":"","format":"standard","meta":{"_links_to":"","_links_to_target":""},"categories":[10],"tags":[],"_links":{"self":[{"href":"https:\/\/cdcerrito.gob.ar\/index.php?rest_route=\/wp\/v2\/posts\/265"}],"collection":[{"href":"https:\/\/cdcerrito.gob.ar\/index.php?rest_route=\/wp\/v2\/posts"}],"about":[{"href":"https:\/\/cdcerrito.gob.ar\/index.php?rest_route=\/wp\/v2\/types\/post"}],"author":[{"embeddable":true,"href":"https:\/\/cdcerrito.gob.ar\/index.php?rest_route=\/wp\/v2\/users\/4"}],"replies":[{"embeddable":true,"href":"https:\/\/cdcerrito.gob.ar\/index.php?rest_route=%2Fwp%2Fv2%2Fcomments&post=265"}],"version-history":[{"count":11,"href":"https:\/\/cdcerrito.gob.ar\/index.php?rest_route=\/wp\/v2\/posts\/265\/revisions"}],"predecessor-version":[{"id":4221,"href":"https:\/\/cdcerrito.gob.ar\/index.php?rest_route=\/wp\/v2\/posts\/265\/revisions\/4221"}],"wp:attachment":[{"href":"https:\/\/cdcerrito.gob.ar\/index.php?rest_route=%2Fwp%2Fv2%2Fmedia&parent=265"}],"wp:term":[{"taxonomy":"category","embeddable":true,"href":"https:\/\/cdcerrito.gob.ar\/index.php?rest_route=%2Fwp%2Fv2%2Fcategories&post=265"},{"taxonomy":"post_tag","embeddable":true,"href":"https:\/\/cdcerrito.gob.ar\/index.php?rest_route=%2Fwp%2Fv2%2Ftags&post=265"}],"curies":[{"name":"wp","href":"https:\/\/api.w.org\/{rel}","templated":true}]}}