{"id":3491,"date":"2018-10-09T10:20:59","date_gmt":"2018-10-09T10:20:59","guid":{"rendered":"http:\/\/cdcerrito.gob.ar\/?p=3491"},"modified":"2018-10-10T15:44:11","modified_gmt":"2018-10-10T15:44:11","slug":"proceso-concursal","status":"publish","type":"post","link":"https:\/\/cdcerrito.gob.ar\/?p=3491","title":{"rendered":"Proceso Concursal"},"content":{"rendered":"<p>El lunes 8 de octubre se realiz\u00f3 la apertura de sobres de los postulantes al Concurso Publico que tiene por objeto designar las personas que integrar\u00e1n\u00a0 la Terna a elevar al Poder Ejecutivo Provincial para el nombramiento del Juez de Paz de Cerrito.\u00a0<!--more--><\/p>\n<p>Ante la presencia de todos los Ediles se procedi\u00f3 a abrir los sobres, que se encontraban lacrados, y a realizar el cotejo de la documentaci\u00f3n solicitada en el Decreto N\u00ba 001 y el Anexo I. El Presidente del Concejo y cada Presidente de Bloque fueron controlando, con una planilla para cada postulante, los documentos presentados y requisitos cumplidos, esta planilla fue rubricada por todos los Ediles.<\/p>\n<p>Tras este an\u00e1lisis, se constata que est\u00e1n en condiciones de ingresar al proceso concursal 5 de los 7 inscriptos, cuyos nombres se presentan a continuaci\u00f3n (por\u00a0orden de inscripci\u00f3n):<\/p>\n<p>Dra. Cecilia Capdevila<\/p>\n<p>Dra. Ma. Fernanda Schonfeld<\/p>\n<p>Dr. V\u00edctor Perottino<\/p>\n<p>Dra. Carolina Silvestre<\/p>\n<p>Dr. Mario Rabbia<\/p>\n<p>Al culminar, los sobres han sido nuevamente cerrados y lacrados hasta tanto se inicie el proceso de evaluaci\u00f3n de la instancia de antecedentes.<\/p>\n<p><a href=\"https:\/\/cdcerrito.gob.ar\/wp-content\/uploads\/DSCN8565.jpg\"><img loading=\"lazy\" class=\"alignnone size-full wp-image-3492\" alt=\"DSCN8565\" src=\"https:\/\/cdcerrito.gob.ar\/wp-content\/uploads\/DSCN8565.jpg\" width=\"1920\" height=\"1080\" \/><\/a><a href=\"https:\/\/cdcerrito.gob.ar\/wp-content\/uploads\/DSCN8566.jpg\"><img loading=\"lazy\" class=\"alignnone size-full wp-image-3493\" alt=\"DSCN8566\" src=\"https:\/\/cdcerrito.gob.ar\/wp-content\/uploads\/DSCN8566.jpg\" width=\"1920\" height=\"1080\" \/><\/a> <a href=\"https:\/\/cdcerrito.gob.ar\/wp-content\/uploads\/DSCN8595.jpg\"><img loading=\"lazy\" class=\"alignnone size-full wp-image-3494\" alt=\"DSCN8595\" src=\"https:\/\/cdcerrito.gob.ar\/wp-content\/uploads\/DSCN8595.jpg\" width=\"1920\" height=\"1080\" \/><\/a> <a href=\"https:\/\/cdcerrito.gob.ar\/wp-content\/uploads\/DSCN8600.jpg\"><img loading=\"lazy\" class=\"alignnone size-medium wp-image-3495\" alt=\"DSCN8600\" src=\"https:\/\/cdcerrito.gob.ar\/wp-content\/uploads\/DSCN8600.jpg\" width=\"300\" height=\"225\" \/><\/a><a href=\"https:\/\/cdcerrito.gob.ar\/wp-content\/uploads\/DSCN86001.jpg\"><img loading=\"lazy\" class=\"alignnone size-full wp-image-3496\" alt=\"DSCN8600\" src=\"https:\/\/cdcerrito.gob.ar\/wp-content\/uploads\/DSCN86001.jpg\" width=\"1600\" height=\"1200\" \/><\/a><a href=\"https:\/\/cdcerrito.gob.ar\/wp-content\/uploads\/DSCN8602.jpg\"><img loading=\"lazy\" class=\"alignnone size-full wp-image-3497\" alt=\"DSCN8602\" src=\"https:\/\/cdcerrito.gob.ar\/wp-content\/uploads\/DSCN8602.jpg\" width=\"1920\" height=\"1080\" \/><\/a><a href=\"https:\/\/cdcerrito.gob.ar\/wp-content\/uploads\/DSCN8615.jpg\"><img loading=\"lazy\" class=\"alignnone size-full wp-image-3498\" alt=\"DSCN8615\" src=\"https:\/\/cdcerrito.gob.ar\/wp-content\/uploads\/DSCN8615.jpg\" width=\"1920\" height=\"1080\" \/><\/a><a href=\"https:\/\/cdcerrito.gob.ar\/wp-content\/uploads\/DSCN8616.jpg\"><img loading=\"lazy\" class=\"alignnone size-full wp-image-3499\" alt=\"DSCN8616\" src=\"https:\/\/cdcerrito.gob.ar\/wp-content\/uploads\/DSCN8616.jpg\" width=\"1920\" height=\"1080\" \/><\/a><a href=\"https:\/\/cdcerrito.gob.ar\/wp-content\/uploads\/DSCN8621.jpg\"><img loading=\"lazy\" class=\"alignnone size-full wp-image-3500\" alt=\"DSCN8621\" src=\"https:\/\/cdcerrito.gob.ar\/wp-content\/uploads\/DSCN8621.jpg\" width=\"1920\" height=\"1080\" \/><\/a><a href=\"https:\/\/cdcerrito.gob.ar\/wp-content\/uploads\/DSCN8631.jpg\"><img loading=\"lazy\" class=\"alignnone size-full wp-image-3501\" alt=\"DSCN8631\" src=\"https:\/\/cdcerrito.gob.ar\/wp-content\/uploads\/DSCN8631.jpg\" width=\"1920\" height=\"1080\" \/><\/a><\/p>\n<p>&nbsp;<\/p>\n","protected":false},"excerpt":{"rendered":"<p>El lunes 8 de octubre se realiz\u00f3 la apertura de sobres de los postulantes al Concurso Publico que tiene por objeto designar las personas que integrar\u00e1n\u00a0 la Terna a elevar al Poder Ejecutivo Provincial para el nombramiento del Juez de Paz de Cerrito.\u00a0<\/p>\n","protected":false},"author":4,"featured_media":0,"comment_status":"open","ping_status":"open","sticky":false,"template":"","format":"standard","meta":{"_links_to":"","_links_to_target":""},"categories":[24],"tags":[],"_links":{"self":[{"href":"https:\/\/cdcerrito.gob.ar\/index.php?rest_route=\/wp\/v2\/posts\/3491"}],"collection":[{"href":"https:\/\/cdcerrito.gob.ar\/index.php?rest_route=\/wp\/v2\/posts"}],"about":[{"href":"https:\/\/cdcerrito.gob.ar\/index.php?rest_route=\/wp\/v2\/types\/post"}],"author":[{"embeddable":true,"href":"https:\/\/cdcerrito.gob.ar\/index.php?rest_route=\/wp\/v2\/users\/4"}],"replies":[{"embeddable":true,"href":"https:\/\/cdcerrito.gob.ar\/index.php?rest_route=%2Fwp%2Fv2%2Fcomments&post=3491"}],"version-history":[{"count":7,"href":"https:\/\/cdcerrito.gob.ar\/index.php?rest_route=\/wp\/v2\/posts\/3491\/revisions"}],"predecessor-version":[{"id":3511,"href":"https:\/\/cdcerrito.gob.ar\/index.php?rest_route=\/wp\/v2\/posts\/3491\/revisions\/3511"}],"wp:attachment":[{"href":"https:\/\/cdcerrito.gob.ar\/index.php?rest_route=%2Fwp%2Fv2%2Fmedia&parent=3491"}],"wp:term":[{"taxonomy":"category","embeddable":true,"href":"https:\/\/cdcerrito.gob.ar\/index.php?rest_route=%2Fwp%2Fv2%2Fcategories&post=3491"},{"taxonomy":"post_tag","embeddable":true,"href":"https:\/\/cdcerrito.gob.ar\/index.php?rest_route=%2Fwp%2Fv2%2Ftags&post=3491"}],"curies":[{"name":"wp","href":"https:\/\/api.w.org\/{rel}","templated":true}]}}