{"id":4072,"date":"2019-11-22T17:34:49","date_gmt":"2019-11-22T17:34:49","guid":{"rendered":"http:\/\/cdcerrito.gob.ar\/?p=4072"},"modified":"2019-11-22T17:34:49","modified_gmt":"2019-11-22T17:34:49","slug":"sesion-del-concejo-deliberante-juvenil-2","status":"publish","type":"post","link":"https:\/\/cdcerrito.gob.ar\/?p=4072","title":{"rendered":"Sesi\u00f3n del Concejo Deliberante Juvenil"},"content":{"rendered":"<p>El d\u00eda jueves 21 de noviembre a las 18 horas, los Ediles Juveniles aprobaron en Sesi\u00f3n Ordinaria un proyecto de Ordenanza que tiene por objeto regular la poda y extracci\u00f3n del arbolado publico, proyecto en cuya elaboraci\u00f3n estuvieron abocados a partir del mes de octubre.<\/p>\n<p>Este proyecto ha ingresado para su tratamiento a la Sesi\u00f3n Ordinaria del Concejo Deliberante de la ciudad, que tendr\u00e1 lugar el pr\u00f3ximo miercoles 27 de noviembre de 2019.\u00a0<a href=\"https:\/\/cdcerrito.gob.ar\/wp-content\/uploads\/IMG-20191017-WA0007.jpg\"><img loading=\"lazy\" class=\"alignnone size-full wp-image-4073\" alt=\"IMG-20191017-WA0007\" src=\"https:\/\/cdcerrito.gob.ar\/wp-content\/uploads\/IMG-20191017-WA0007.jpg\" width=\"1280\" height=\"622\" \/><\/a><\/p>\n","protected":false},"excerpt":{"rendered":"<p>El d\u00eda jueves 21 de noviembre a las 18 horas, los Ediles Juveniles aprobaron en Sesi\u00f3n Ordinaria un proyecto de Ordenanza que tiene por objeto regular la poda y extracci\u00f3n del arbolado publico, proyecto en cuya elaboraci\u00f3n estuvieron abocados a partir del mes de octubre. Este proyecto ha ingresado para su tratamiento a la Sesi\u00f3n [&hellip;]<\/p>\n","protected":false},"author":4,"featured_media":0,"comment_status":"open","ping_status":"open","sticky":false,"template":"","format":"standard","meta":{"_links_to":"","_links_to_target":""},"categories":[12],"tags":[],"_links":{"self":[{"href":"https:\/\/cdcerrito.gob.ar\/index.php?rest_route=\/wp\/v2\/posts\/4072"}],"collection":[{"href":"https:\/\/cdcerrito.gob.ar\/index.php?rest_route=\/wp\/v2\/posts"}],"about":[{"href":"https:\/\/cdcerrito.gob.ar\/index.php?rest_route=\/wp\/v2\/types\/post"}],"author":[{"embeddable":true,"href":"https:\/\/cdcerrito.gob.ar\/index.php?rest_route=\/wp\/v2\/users\/4"}],"replies":[{"embeddable":true,"href":"https:\/\/cdcerrito.gob.ar\/index.php?rest_route=%2Fwp%2Fv2%2Fcomments&post=4072"}],"version-history":[{"count":1,"href":"https:\/\/cdcerrito.gob.ar\/index.php?rest_route=\/wp\/v2\/posts\/4072\/revisions"}],"predecessor-version":[{"id":4074,"href":"https:\/\/cdcerrito.gob.ar\/index.php?rest_route=\/wp\/v2\/posts\/4072\/revisions\/4074"}],"wp:attachment":[{"href":"https:\/\/cdcerrito.gob.ar\/index.php?rest_route=%2Fwp%2Fv2%2Fmedia&parent=4072"}],"wp:term":[{"taxonomy":"category","embeddable":true,"href":"https:\/\/cdcerrito.gob.ar\/index.php?rest_route=%2Fwp%2Fv2%2Fcategories&post=4072"},{"taxonomy":"post_tag","embeddable":true,"href":"https:\/\/cdcerrito.gob.ar\/index.php?rest_route=%2Fwp%2Fv2%2Ftags&post=4072"}],"curies":[{"name":"wp","href":"https:\/\/api.w.org\/{rel}","templated":true}]}}