{"id":4306,"date":"2020-07-17T11:38:47","date_gmt":"2020-07-17T11:38:47","guid":{"rendered":"http:\/\/cdcerrito.gob.ar\/?p=4306"},"modified":"2020-07-17T15:02:40","modified_gmt":"2020-07-17T15:02:40","slug":"concejo-en-comision-3","status":"publish","type":"post","link":"https:\/\/cdcerrito.gob.ar\/?p=4306","title":{"rendered":"CONCEJO EN COMISI\u00d3N"},"content":{"rendered":"<p style=\"text-align: justify\">El d\u00eda 16 de julio, a las 20 hs, el Concejo Deliberante de Cerrito se reuni\u00f3 en Comisi\u00f3n, por primera vez\u00a0 en modalidad virtual de trabajo, desde el 14 de mayo y hasta la fecha, se estaba trabajando con una forma mixta, que combinaba lo presencial y lo virtual.<\/p>\n<p style=\"text-align: justify\">Con casi la totalidad de los Ediles conectados a trav\u00e9s de la plataforma de videollamada Google Meet\u00a0\u00a0y la presencia de la Presidente y la Secretaria en el Recinto, a fin de disponer de los equipos y documentos, digitales y escritos, que pueden ser requeridos para consulta, se logr\u00f3 un avance sustancial en el trabajo de reforma del Reglamento, proyecto que, si bien estaba en la agenda legislativa, ha debido ser priorizado en su tratamiento debido a las presentes\u00a0 circunstancias sanitarias.<\/p>\n<p style=\"text-align: justify\"><a href=\"https:\/\/cdcerrito.gob.ar\/wp-content\/uploads\/16-7-2020-6.jpg\"><img loading=\"lazy\" class=\"alignnone size-full wp-image-4307\" alt=\"16 7 2020 6\" src=\"https:\/\/cdcerrito.gob.ar\/wp-content\/uploads\/16-7-2020-6.jpg\" width=\"1280\" height=\"605\" \/><\/a><a href=\"https:\/\/cdcerrito.gob.ar\/wp-content\/uploads\/16-7-2020-5.jpg\"><img loading=\"lazy\" class=\"alignnone size-full wp-image-4308\" alt=\"16 7 2020 5\" src=\"https:\/\/cdcerrito.gob.ar\/wp-content\/uploads\/16-7-2020-5.jpg\" width=\"1280\" height=\"605\" \/><\/a><a href=\"https:\/\/cdcerrito.gob.ar\/wp-content\/uploads\/16-7-2020-3.jpg\"><img loading=\"lazy\" class=\"alignnone size-full wp-image-4309\" alt=\"16 7 2020 3\" src=\"https:\/\/cdcerrito.gob.ar\/wp-content\/uploads\/16-7-2020-3.jpg\" width=\"546\" height=\"1152\" \/><\/a><\/p>\n","protected":false},"excerpt":{"rendered":"<p>El d\u00eda 16 de julio, a las 20 hs, el Concejo Deliberante de Cerrito se reuni\u00f3 en Comisi\u00f3n, por primera vez\u00a0 en modalidad virtual de trabajo, desde el 14 de mayo y hasta la fecha, se estaba trabajando con una forma mixta, que combinaba lo presencial y lo virtual. Con casi la totalidad de los [&hellip;]<\/p>\n","protected":false},"author":4,"featured_media":0,"comment_status":"open","ping_status":"open","sticky":false,"template":"","format":"standard","meta":{"_links_to":"","_links_to_target":""},"categories":[9],"tags":[],"_links":{"self":[{"href":"https:\/\/cdcerrito.gob.ar\/index.php?rest_route=\/wp\/v2\/posts\/4306"}],"collection":[{"href":"https:\/\/cdcerrito.gob.ar\/index.php?rest_route=\/wp\/v2\/posts"}],"about":[{"href":"https:\/\/cdcerrito.gob.ar\/index.php?rest_route=\/wp\/v2\/types\/post"}],"author":[{"embeddable":true,"href":"https:\/\/cdcerrito.gob.ar\/index.php?rest_route=\/wp\/v2\/users\/4"}],"replies":[{"embeddable":true,"href":"https:\/\/cdcerrito.gob.ar\/index.php?rest_route=%2Fwp%2Fv2%2Fcomments&post=4306"}],"version-history":[{"count":5,"href":"https:\/\/cdcerrito.gob.ar\/index.php?rest_route=\/wp\/v2\/posts\/4306\/revisions"}],"predecessor-version":[{"id":4314,"href":"https:\/\/cdcerrito.gob.ar\/index.php?rest_route=\/wp\/v2\/posts\/4306\/revisions\/4314"}],"wp:attachment":[{"href":"https:\/\/cdcerrito.gob.ar\/index.php?rest_route=%2Fwp%2Fv2%2Fmedia&parent=4306"}],"wp:term":[{"taxonomy":"category","embeddable":true,"href":"https:\/\/cdcerrito.gob.ar\/index.php?rest_route=%2Fwp%2Fv2%2Fcategories&post=4306"},{"taxonomy":"post_tag","embeddable":true,"href":"https:\/\/cdcerrito.gob.ar\/index.php?rest_route=%2Fwp%2Fv2%2Ftags&post=4306"}],"curies":[{"name":"wp","href":"https:\/\/api.w.org\/{rel}","templated":true}]}}