{"id":4640,"date":"2021-01-04T13:52:02","date_gmt":"2021-01-04T13:52:02","guid":{"rendered":"http:\/\/cdcerrito.gob.ar\/?p=4640"},"modified":"2024-02-27T11:59:35","modified_gmt":"2024-02-27T11:59:35","slug":"ordenanzas-2021","status":"publish","type":"post","link":"https:\/\/cdcerrito.gob.ar\/?p=4640","title":{"rendered":"ORDENANZAS 2021"},"content":{"rendered":"<p><a href=\"https:\/\/cdcerrito.gob.ar\/wp-content\/uploads\/ORDENANZA-N-1060-CONVENIO-OBRAS-SANITARIAS.pdf\">ORDENANZA N\u00ba 1060<\/a>\u00a0Autorizaci\u00f3n al Departamento Ejecutivo Municipal a la firma de un Convenio de cesi\u00f3n de uso de espacio p\u00fablico con la Direcci\u00f3n Provincial de Obras Sanitarias de Entre R\u00edos.<\/p>\n<p><a href=\"https:\/\/cdcerrito.gob.ar\/wp-content\/uploads\/ORDENANZA-N-1061-\u2013-Recupero-de-Cordon-Cuneta-en-calle-Pedro-Paira-y-en-calle-Enrique-Lell-de-Pueblo-Moreno.pdf\">ORDENANZA N\u00ba 1061<\/a>\u00a0Recupero de Cord\u00f3n Cuneta en calle Pedro Paira y en calle Enrique Lell, de Pueblo Moreno.<\/p>\n<p><a href=\"https:\/\/cdcerrito.gob.ar\/wp-content\/uploads\/ORDENANZA-N-1062-Recupero-de-Ampliacion-de-Red-Colectora-Cloacal-en-calle.pdf\">ORDENANZA N\u00ba 1062<\/a>\u00a0Recupero de Ampliaci\u00f3n de Red Colectora Cloacal en calle Angelini y en calle Los Criollos, de Cerrito.<\/p>\n<p><a href=\"https:\/\/cdcerrito.gob.ar\/wp-content\/uploads\/Ordenanza-N-1063-Recupero-Cloacas-calle-Angelini.pdf\">Ordenanza N\u00ba 1063<\/a>\u00a0 Ampliaci\u00f3n Red colectora Cloacal calle Angelini, entre Av. Irigoyen y Pueblos Originarios, lindantes con manzana N\u00ba 142 y 143 y Calle Angelini, entre pueblos originarios y los Criollos, lindante manzana N\u00ba manzana N\u00ba 153 y 154.<\/p>\n<p><a href=\"https:\/\/cdcerrito.gob.ar\/wp-content\/uploads\/Ordenanza-N-1064-Recupero-Cloacas-Maestras-Almafuertinas2.pdf\">Ordenanza N\u00ba 1064<\/a>\u00a0 Recupero Obra de ampliaci\u00f3n de la Red de Colectora Cloacal, calle Maestras Almafuertinas, una cuadra, desde Calle Convenci\u00f3n Constituyente hacia el sur, hasta Sendero El Eucaliptal, lindantes con Manzanas N\u00ba 121 y 134.<\/p>\n<p><a href=\"https:\/\/cdcerrito.gob.ar\/wp-content\/uploads\/Ordenanza-N-1065-Denominacion-calle-Jorge-A.-Yaryez.pdf\">Ordenanza N\u00ba 1065<\/a>\u00a0Designando calle p\u00fablica con el nombre \u00abIntendente Jorge A. Yaryez\u00bb<\/p>\n<p><a href=\"https:\/\/cdcerrito.gob.ar\/wp-content\/uploads\/Ordenanza-N-1066-Autorizando-al-Departamento-Ejecutivo-Municipal-a-realizar-un-aporte-economico-a-favor-de-la-Cooperativa-28-de-abril.pdf\">Ordenanza N\u00ba 1066<\/a>\u00a0Autorizando al Departamento Ejecutivo para realizar un aporte econ\u00f3mico a favor de la Cooperativa \u201c28 de abril\u201d Ltda<\/p>\n<p><a href=\"https:\/\/cdcerrito.gob.ar\/wp-content\/uploads\/ORDENANZA-N-1067-Adhesion-Ley-N-10.571.pdf\">ORDENANZA N\u00ba 1067<\/a>\u00a0Adhesi\u00f3n a la Ley Provincial N\u00ba 10.571\u00a0<a href=\"https:\/\/cdcerrito.gob.ar\/wp-content\/uploads\/ORDENANZA-N-1067-Ley-Provincial-N-10.571-Licencias-especiales-por-violencia-de-genero.pdf\">Ley Provincial N\u00ba 10.571 Licencia laboral por Violencia de G\u00e9nero<\/a><a href=\"https:\/\/cdcerrito.gob.ar\/wp-content\/uploads\/ORDENANZA-N-1067-Ley-Provincial-N-10.571-Licencias-especiales-por-violencia-de-genero.pdf\"><br \/>\n<\/a><\/p>\n<p style=\"text-align: justify;\"><a href=\"https:\/\/cdcerrito.gob.ar\/wp-content\/uploads\/ORDENANZA-N-1068-Modificando-Ordenanza-N-700.pdf\">ORDENANZA N\u00ba 1068<\/a>\u00a0Modificando Ordenanza N\u00ba\u00a0 700\/2006<\/p>\n<p style=\"text-align: justify;\"><a href=\"https:\/\/cdcerrito.gob.ar\/wp-content\/uploads\/ORDENANZA-N-1069-Cordon-cuneta-Barrio-CGT-2021.pdf\">ORDENANZA N\u00ba 1069<\/a>\u00a0Construcci\u00f3n de Cord\u00f3n Cuneta en Barrio CGT: <b>calle Mitre<\/b>, tramo comprendido entre calles Mar\u00eda Ward y Malvinas Argentinas, calle <b>Mitre<\/b>, tramo comprendido entre calles Malvinas Argentinas y Concejal Grinovero; calle <b>Malvinas Argentinas<\/b>, tramo comprendido entre calles Lavalle y Mitre, calle<b> Malvinas Argentinas<\/b>, tramo comprendido entre calle Mitre y Bv. Uni\u00f3n; calle <b>Moreno<\/b>, tramo comprendido entre calles Malvinas Argentinas y Borsotti Sur; calle <b>Concejal Grinovero<\/b>, tramo comprendido entre calles Mitre y Bv. Uni\u00f3n, intersecci\u00f3n en calle <b>Mitre <\/b>con calle <b>Malvinas Argentinas<\/b> y en calle <b>Mitre <\/b>con calle <b>Concejal Grinovero\u00a0<\/b><\/p>\n<p style=\"text-align: justify;\"><a href=\"https:\/\/cdcerrito.gob.ar\/wp-content\/uploads\/ORDENANZA-N-1070-Cordon-Cuneta-Calle-Juan-Pablo-II.pdf\">ORDENANZA N\u00ba 1070<\/a>\u00a0Construcci\u00f3n de Cord\u00f3n Cuneta calle Juan Pablo II, tramo comprendido entre calle C\u00f3rdoba en sentido sur hasta Paseo el Eucaliptal.<a href=\"https:\/\/cdcerrito.gob.ar\/wp-content\/uploads\/ORDENANZA-N-1070-Cordon-Cuneta-Calle-Juan-Pablo-II.pdf\"><br \/>\n<\/a><\/p>\n<p><b>\u00a0<a href=\"https:\/\/cdcerrito.gob.ar\/wp-content\/uploads\/ORDENANZA-N-1071-Codigo-Habilitaciones-Comerciales.pdf\">ORDENANZA N\u00ba 1071<\/a><\/b>: Aprobando C\u00f3digo de Habilitaciones Comerciales y derogando T\u00edtulo I de la Ordenanza N\u00ba 952. \u00a0 \u00a0<a href=\"https:\/\/cdcerrito.gob.ar\/wp-content\/uploads\/CODIGO-DE-HABILITACIONES-COMERCIALES.pdf\">C\u00d3DIGO DE HABILITACIONES COMERCIALES<\/a><\/p>\n<p><a href=\"https:\/\/cdcerrito.gob.ar\/wp-content\/uploads\/ORDENANZA-N-1072-Prevencion-y-Tenencia-responsable.pdf\">ORDENANZA N\u00ba 1072<\/a><b>: <\/b>Prevenci\u00f3n y Tenencia responsable de mascotas.<\/p>\n<p><a href=\"https:\/\/cdcerrito.gob.ar\/wp-content\/uploads\/ORDENANZA-N-1073-Estableciendo-para-futuras-construcciones-un-distanciamiento-respecto-del-limite-norte-de-la-Ruta-Nacional-N-12-a-partir-de-calle-Juan-Pablo-II-hacia-el-Este.pdf\">ORDENANZA N\u00ba 1073<\/a><b>: <\/b>Estableciendo para futuras construcciones un distanciamiento respecto del l\u00edmite norte de la Ruta Nacional N\u00ba 12, a partir de calle Juan Pablo II hacia el Este dentro del Ejido Municipal.<\/p>\n<p><a href=\"https:\/\/cdcerrito.gob.ar\/wp-content\/uploads\/ORDENANZA-N-1074-Otorgando-a-todo-el-personal-de-planta-permanente-y-transitorios-escalafonados-que-cumplieron-sus-funciones-durante-el-ano-2021-de-un-adicional-con-caracter-extra.pdf\">ORDENANZA N\u00ba 1074<\/a><b>:<\/b> Otorgando a todo el personal de planta permanente y transitorios escalafonados que cumplieron sus funciones durante el a\u00f1o 2021 de un adicional con car\u00e1cter extraordinario y de manera \u00fanica.<\/p>\n<p><a href=\"https:\/\/cdcerrito.gob.ar\/wp-content\/uploads\/ORDENANZA-N-1075-Modificacion-Presupuesto-Julio-2021.pdf\">ORDENANZA N\u00ba 1075<\/a><b>:<\/b> Modificaci\u00f3n de Presupuesto de Gastos y C\u00e1lculo de Recursos 2021.<\/p>\n<p><b><a href=\"https:\/\/cdcerrito.gob.ar\/wp-content\/uploads\/ORDENANZA-N-1076-Declarando-Persona-Ilustre-Sra.-Elena-Zaccagnini.pdf\">ORDENANZA N\u00ba 1076 <\/a> <\/b>: Declarando Ciudadana Ilustre a la Sra. Mar\u00eda E. Zaccagnini. <span style=\"color: #993300;\">(Abrogada por Ordenanza N\u00ba 1080)<\/span><\/p>\n<p><b><a href=\"https:\/\/cdcerrito.gob.ar\/wp-content\/uploads\/ORDENANZA-N-1077-Autorizando-al-DEM-a-comercializar-lotes-con-Cerrito-Materiales.pdf\">ORDENANZA N\u00ba 1077<\/a><\/b><b>: <\/b>Autorizando al D.E.M\u00a0 en conjunto con el ente administrador del Parque Industrial de Cerrito (E.A.P.I.C.) a convenir la comercializaci\u00f3n y posterior transferencia de los lotes 5 y 6 situados en el Parque Industrial ut supra a la firma \u00abCerrito Materiales\u00bb, con destino a la radicaci\u00f3n de una empresa destinada a la fabricaci\u00f3n de elementos de metal NCP.<\/p>\n<p><b><b><a href=\"https:\/\/cdcerrito.gob.ar\/wp-content\/uploads\/ORDENANZA-N-1078-Premio-al-Personal-Municipal-2021.pdf\">ORDENANZA N\u00ba 1078<\/a><\/b>: <\/b>Premio al Personal Municipal 2021. <i><br \/>\n<\/i><\/p>\n<p><a href=\"https:\/\/cdcerrito.gob.ar\/wp-content\/uploads\/ORDENANZA-N-1079-Recupero-Colectora-cloacal-2021-Av.-Uruguay.pdf\">ORDENANZA N\u00ba 1079<\/a><b>:<\/b> Recupero Obra cloacas calle: Av. Uruguay, entre Pueblos Originarios e Hip\u00f3lito Irigoyen, lindante con Manzanas N\u00ba 146 y Recupero Obra Cloacas calle: Av. Uruguay entre Hip\u00f3lito Irigoyen hacia el oeste hasta loteo Isaac, lindante con manzana N\u00ba 137. <i><br \/>\n<\/i><\/p>\n<p><strong><a href=\"https:\/\/cdcerrito.gob.ar\/wp-content\/uploads\/ORDENANZA-N-1080-Abrogando-Ordenanza-N-1076.pdf\">ORDENANZA N\u00ba 1080<\/a>\u00a0<\/strong>Abrogando Ordenanza N\u00ba 1076 por la que se declaraba Ciudadana Ilustre a la Sra. Elena Zaccagnini (Distinci\u00f3n otorgada por Resoluci\u00f3n N\u00ba 009\/2021)<\/p>\n<p><strong><strong><a href=\"https:\/\/cdcerrito.gob.ar\/wp-content\/uploads\/ORDENANZA-N-1081-Recupero-Cloacas-2021-Noviembre.pdf\">ORDENANZA N\u00ba 1081<\/a><\/strong><a href=\"https:\/\/cdcerrito.gob.ar\/wp-content\/uploads\/ORDENANZA-N-1081-Recupero-Cloacas-2021-Noviembre.pdf\">\u00a0\u00a0<\/a>\u00a0<\/strong>Recupero Colectora Cloacal: calle Av. S nombre (continuaci\u00f3n hacia el Sur de Av. Hip\u00f3lito Irigoyen) entre Av. Uruguay y 25 de mayo, lindantes con manzanas N\u00ba 137 y 146, Calle 25 de mayo, entre Av. Sin nombre y calle P\u00fablica, lindante con manzanas N\u00ba 146 y 147 y Calle P\u00fablica (continuaci\u00f3n hacia el sur de Pueblos Originarios), entre 25 de mayo y Av. Uruguay, lindante con manzanas N\u00ba 146 y 150<strong>\u00a0\u00a0<\/strong><strong><a href=\"https:\/\/cdcerrito.gob.ar\/wp-content\/uploads\/ORDENANZA-N-1081-Recupero-Cloacas-2021-Noviembre.pdf\"><br \/>\n<\/a><\/strong><\/p>\n<p><strong><a href=\"https:\/\/cdcerrito.gob.ar\/wp-content\/uploads\/ORDENANZA-N-1082-Codigo-Tributario-2022.pdf\">ORDENANZA N\u00ba 1082 <\/a>\u00a0<\/strong>C\u00f3digo Tributario Municipal 2022\u00a0<a href=\"https:\/\/cdcerrito.gob.ar\/wp-content\/uploads\/ORDENANZA-N-1082-Codigo-Tributario-Municipal-20221.pdf\"> C\u00f3digo Tributario Municipal 2022<\/a><\/p>\n<p><strong><a href=\"https:\/\/cdcerrito.gob.ar\/wp-content\/uploads\/ORDENANZA-N-1083-Presupuesto-2022.pdf\">ORDENANZA N\u00ba 1083<\/a>\u00a0<\/strong>Presupuesto de Gastos y C\u00e1lculo de Recursos 2022,\u00a0<a href=\"https:\/\/cdcerrito.gob.ar\/wp-content\/uploads\/ORDENANZA-N-1083-Presupuesto-20221.pdf\">Presupuesto de Gastos y Calculo de Recursos 2022<\/a><strong><a href=\"https:\/\/cdcerrito.gob.ar\/wp-content\/uploads\/ORDENANZA-N-1083-Presupuesto-2022.pdf\"><br \/>\n<\/a><\/strong><\/p>\n<p><strong><a href=\"https:\/\/cdcerrito.gob.ar\/wp-content\/uploads\/ORDENANZA-N-1084-Modificando-Anexo-I-Ordenanza-N-887.pdf\">ORDENANZA N\u00ba 1084<\/a>\u00a0<\/strong>Modificando ANEXO I Ordenanza N\u00ba 887\/2014\u00a0 \u00a0<strong>ANEXO I<a href=\"https:\/\/cdcerrito.gob.ar\/wp-content\/uploads\/Ordenanza-N-1084-Anexo-I.pdf\"><br \/>\n<\/a><\/strong><\/p>\n<p><strong><a href=\"https:\/\/cdcerrito.gob.ar\/wp-content\/uploads\/ORDENANZA-N-1085-Modificacion-Presupuesto-2021.pdf\">ORDENANZA N\u00ba 1085<\/a>\u00a0<\/strong>Modificaci\u00f3n de Presupuesto de Gastos y C\u00e1lculo de Recursos 2021.\u00a0<a href=\"https:\/\/cdcerrito.gob.ar\/wp-content\/uploads\/Ordenanza-N-1085-Modificacion-Presupuesto-2021-Diciembre.pdf\">Modificaci\u00f3n Presupuesto 2021<\/a><\/p>\n","protected":false},"excerpt":{"rendered":"<p>ORDENANZA N\u00ba 1060\u00a0Autorizaci\u00f3n al Departamento Ejecutivo Municipal a la firma de un Convenio de cesi\u00f3n de uso de espacio p\u00fablico con la Direcci\u00f3n Provincial de Obras Sanitarias de Entre R\u00edos. ORDENANZA N\u00ba 1061\u00a0Recupero de Cord\u00f3n Cuneta en calle Pedro Paira y en calle Enrique Lell, de Pueblo Moreno. ORDENANZA N\u00ba 1062\u00a0Recupero de Ampliaci\u00f3n de Red [&hellip;]<\/p>\n","protected":false},"author":4,"featured_media":0,"comment_status":"open","ping_status":"open","sticky":false,"template":"","format":"standard","meta":{"_links_to":"","_links_to_target":""},"categories":[37],"tags":[],"_links":{"self":[{"href":"https:\/\/cdcerrito.gob.ar\/index.php?rest_route=\/wp\/v2\/posts\/4640"}],"collection":[{"href":"https:\/\/cdcerrito.gob.ar\/index.php?rest_route=\/wp\/v2\/posts"}],"about":[{"href":"https:\/\/cdcerrito.gob.ar\/index.php?rest_route=\/wp\/v2\/types\/post"}],"author":[{"embeddable":true,"href":"https:\/\/cdcerrito.gob.ar\/index.php?rest_route=\/wp\/v2\/users\/4"}],"replies":[{"embeddable":true,"href":"https:\/\/cdcerrito.gob.ar\/index.php?rest_route=%2Fwp%2Fv2%2Fcomments&post=4640"}],"version-history":[{"count":33,"href":"https:\/\/cdcerrito.gob.ar\/index.php?rest_route=\/wp\/v2\/posts\/4640\/revisions"}],"predecessor-version":[{"id":5942,"href":"https:\/\/cdcerrito.gob.ar\/index.php?rest_route=\/wp\/v2\/posts\/4640\/revisions\/5942"}],"wp:attachment":[{"href":"https:\/\/cdcerrito.gob.ar\/index.php?rest_route=%2Fwp%2Fv2%2Fmedia&parent=4640"}],"wp:term":[{"taxonomy":"category","embeddable":true,"href":"https:\/\/cdcerrito.gob.ar\/index.php?rest_route=%2Fwp%2Fv2%2Fcategories&post=4640"},{"taxonomy":"post_tag","embeddable":true,"href":"https:\/\/cdcerrito.gob.ar\/index.php?rest_route=%2Fwp%2Fv2%2Ftags&post=4640"}],"curies":[{"name":"wp","href":"https:\/\/api.w.org\/{rel}","templated":true}]}}