{"id":4802,"date":"2021-06-24T12:18:32","date_gmt":"2021-06-24T12:18:32","guid":{"rendered":"http:\/\/cdcerrito.gob.ar\/?p=4802"},"modified":"2021-09-01T14:44:31","modified_gmt":"2021-09-01T14:44:31","slug":"comision-23-de-junio-de-2021","status":"publish","type":"post","link":"https:\/\/cdcerrito.gob.ar\/?p=4802","title":{"rendered":"Comisi\u00f3n 23 de junio de 2021"},"content":{"rendered":"<p>El Concejo Deliberante se reuni\u00f3 en Comisi\u00f3n el d\u00eda miercoles 23 de junio en modalidad virtual.<\/p>\n<p>Participaron de esta reuni\u00f3n el Sr. Presidente Municipal y el Asesor legal del Municipio a fin de explicar los fundamentos de una solicitud que presentaron al Concejo sobre proyecto de ordenanza\u00a0<em>Estableciendo para futuras construcciones un distanciamiento respecto del l\u00edmite norte de la Ruta Nacional N\u00ba 12, a partir de calle Juan Pablo II hacia el Este dentro del Ejido Municipal, que cobr\u00f3 estado parlamentario y pas\u00f3 a comisi\u00f3n en la Sesi\u00f3n del 28 de abril.<\/em><\/p>\n<p>Luego los miembros del Concejo prosiguieron con la revisi\u00f3n general del C\u00f3digo de Habilitaciones Comerciales.<\/p>\n","protected":false},"excerpt":{"rendered":"<p>El Concejo Deliberante se reuni\u00f3 en Comisi\u00f3n el d\u00eda miercoles 23 de junio en modalidad virtual. Participaron de esta reuni\u00f3n el Sr. Presidente Municipal y el Asesor legal del Municipio a fin de explicar los fundamentos de una solicitud que presentaron al Concejo sobre proyecto de ordenanza\u00a0Estableciendo para futuras construcciones un distanciamiento respecto del l\u00edmite [&hellip;]<\/p>\n","protected":false},"author":4,"featured_media":0,"comment_status":"open","ping_status":"open","sticky":false,"template":"","format":"standard","meta":{"_links_to":"","_links_to_target":""},"categories":[10,11,24],"tags":[],"_links":{"self":[{"href":"https:\/\/cdcerrito.gob.ar\/index.php?rest_route=\/wp\/v2\/posts\/4802"}],"collection":[{"href":"https:\/\/cdcerrito.gob.ar\/index.php?rest_route=\/wp\/v2\/posts"}],"about":[{"href":"https:\/\/cdcerrito.gob.ar\/index.php?rest_route=\/wp\/v2\/types\/post"}],"author":[{"embeddable":true,"href":"https:\/\/cdcerrito.gob.ar\/index.php?rest_route=\/wp\/v2\/users\/4"}],"replies":[{"embeddable":true,"href":"https:\/\/cdcerrito.gob.ar\/index.php?rest_route=%2Fwp%2Fv2%2Fcomments&post=4802"}],"version-history":[{"count":5,"href":"https:\/\/cdcerrito.gob.ar\/index.php?rest_route=\/wp\/v2\/posts\/4802\/revisions"}],"predecessor-version":[{"id":4890,"href":"https:\/\/cdcerrito.gob.ar\/index.php?rest_route=\/wp\/v2\/posts\/4802\/revisions\/4890"}],"wp:attachment":[{"href":"https:\/\/cdcerrito.gob.ar\/index.php?rest_route=%2Fwp%2Fv2%2Fmedia&parent=4802"}],"wp:term":[{"taxonomy":"category","embeddable":true,"href":"https:\/\/cdcerrito.gob.ar\/index.php?rest_route=%2Fwp%2Fv2%2Fcategories&post=4802"},{"taxonomy":"post_tag","embeddable":true,"href":"https:\/\/cdcerrito.gob.ar\/index.php?rest_route=%2Fwp%2Fv2%2Ftags&post=4802"}],"curies":[{"name":"wp","href":"https:\/\/api.w.org\/{rel}","templated":true}]}}