{"id":4820,"date":"2021-07-02T10:12:28","date_gmt":"2021-07-02T10:12:28","guid":{"rendered":"http:\/\/cdcerrito.gob.ar\/?p=4820"},"modified":"2021-09-01T14:43:46","modified_gmt":"2021-09-01T14:43:46","slug":"comision-salud-ambiente-y-desarrollo-urbano","status":"publish","type":"post","link":"https:\/\/cdcerrito.gob.ar\/?p=4820","title":{"rendered":"Comisi\u00f3n 30 de junio de 2021"},"content":{"rendered":"<p>El <strong>Concejo Deliberante se reuni\u00f3 en\u00a0Comisi\u00f3n Salud, Ambiente y Desarrollo Urbano el mi\u00e9rcoles 30 de junio<\/strong> a fin de dar continuidad al<strong> trabajo sobre el proyecto de Ordenanza Prevenci\u00f3n y Tenencia Responsable de Mascotas<\/strong>, el cual fue objeto de un arduo trabajo los d\u00edas 16, 17, 21, 22, 23 y 29 de diciembre de 2020, resultado un proyecto que fue puesto a consideraci\u00f3n del Ejecutivo, para ser evaluado en t\u00e9rminos de viabilidad, habiendo recibido las observaciones pertinentes por parte del Departamento Ejecutivo Municipal, los Concejales proceder\u00e1n a evaluar las mismas y avanzar en el dictamen.<\/p>\n","protected":false},"excerpt":{"rendered":"<p>El Concejo Deliberante se reuni\u00f3 en\u00a0Comisi\u00f3n Salud, Ambiente y Desarrollo Urbano el mi\u00e9rcoles 30 de junio a fin de dar continuidad al trabajo sobre el proyecto de Ordenanza Prevenci\u00f3n y Tenencia Responsable de Mascotas, el cual fue objeto de un arduo trabajo los d\u00edas 16, 17, 21, 22, 23 y 29 de diciembre de 2020, [&hellip;]<\/p>\n","protected":false},"author":4,"featured_media":0,"comment_status":"open","ping_status":"open","sticky":false,"template":"","format":"standard","meta":{"_links_to":"","_links_to_target":""},"categories":[11,24],"tags":[],"_links":{"self":[{"href":"https:\/\/cdcerrito.gob.ar\/index.php?rest_route=\/wp\/v2\/posts\/4820"}],"collection":[{"href":"https:\/\/cdcerrito.gob.ar\/index.php?rest_route=\/wp\/v2\/posts"}],"about":[{"href":"https:\/\/cdcerrito.gob.ar\/index.php?rest_route=\/wp\/v2\/types\/post"}],"author":[{"embeddable":true,"href":"https:\/\/cdcerrito.gob.ar\/index.php?rest_route=\/wp\/v2\/users\/4"}],"replies":[{"embeddable":true,"href":"https:\/\/cdcerrito.gob.ar\/index.php?rest_route=%2Fwp%2Fv2%2Fcomments&post=4820"}],"version-history":[{"count":8,"href":"https:\/\/cdcerrito.gob.ar\/index.php?rest_route=\/wp\/v2\/posts\/4820\/revisions"}],"predecessor-version":[{"id":4888,"href":"https:\/\/cdcerrito.gob.ar\/index.php?rest_route=\/wp\/v2\/posts\/4820\/revisions\/4888"}],"wp:attachment":[{"href":"https:\/\/cdcerrito.gob.ar\/index.php?rest_route=%2Fwp%2Fv2%2Fmedia&parent=4820"}],"wp:term":[{"taxonomy":"category","embeddable":true,"href":"https:\/\/cdcerrito.gob.ar\/index.php?rest_route=%2Fwp%2Fv2%2Fcategories&post=4820"},{"taxonomy":"post_tag","embeddable":true,"href":"https:\/\/cdcerrito.gob.ar\/index.php?rest_route=%2Fwp%2Fv2%2Ftags&post=4820"}],"curies":[{"name":"wp","href":"https:\/\/api.w.org\/{rel}","templated":true}]}}