{"id":4906,"date":"2021-09-08T10:52:10","date_gmt":"2021-09-08T10:52:10","guid":{"rendered":"http:\/\/cdcerrito.gob.ar\/?p=4906"},"modified":"2021-09-08T13:56:40","modified_gmt":"2021-09-08T13:56:40","slug":"comenzaron-los-encuentros-barriales-por-el-presupuesto-participativo","status":"publish","type":"post","link":"https:\/\/cdcerrito.gob.ar\/?p=4906","title":{"rendered":"COMENZARON LOS ENCUENTROS BARRIALES POR EL PRESUPUESTO PARTICIPATIVO"},"content":{"rendered":"<p>Desde este lunes los vecinos de Cerrito participan de los encuentros programados de la tercera experiencia del programa Presupuesto Participativo.<\/p>\n<p>Anoche, en el Sal\u00f3n de la Escuela N\u00ba38 Mariano Necochea, se realiz\u00f3 la primera reuni\u00f3n de esta edici\u00f3n 2021 con vecinos y vecinas de los barrios Norte, Desaguadero, Avellaneda, La Chaveta, Fuerte y parte norte del Barrio Este, quienes expusieron diversas ideas, proyectos, y propuestas para mejorar la ciudad.<\/p>\n<p>Este mecanismo de participaci\u00f3n ciudadana impulsado por el municipio en 2013, permite a los ciudadanos definir el destino del gasto de una parte del presupuesto municipal para obras y actividades que promuevan la calidad de vida de sus vecinos.<\/p>\n<p>Quienes est\u00e9n interesados en participar, pueden asistir a las asambleas barriales, que continuar\u00e1n en los pr\u00f3ximos d\u00edas, de acuerdo al siguiente cronograma:<!--more--><\/p>\n<p><strong>\u00a0MIERCOLES 8 DE SEPTIEMBRE<\/strong><\/p>\n<p>Barrios: Picadero o Sol Naciente y parte de barrio Este.<\/p>\n<p>Lugar de reuni\u00f3n: sal\u00f3n Escuela N\u00b014 Ntra. Sra. de F\u00e1tima<\/p>\n<p>Horario 20:00<\/p>\n<p><strong>JUEVES 9 DE SEPTIEMBRE<\/strong><\/p>\n<p>Barrios: Centro y Nuevo<\/p>\n<p>Lugar: Sal\u00f3n del Club Uni\u00f3n Agrarios Cerrito<\/p>\n<p>Horario: 20:00<\/p>\n<p><strong>LUNES 13 DE SEPTIEMBRE<\/strong><\/p>\n<p>Barrio: Pueblo Moreno<\/p>\n<p>Lugar de reuni\u00f3n: a confirmar<\/p>\n<p>Horario: 20:00<\/p>\n<p><strong>MARTES 14 DE SEPTIEMBRE<\/strong><\/p>\n<p>Barrios: Gomerazo y CGT<\/p>\n<p>Lugar: Terminal de \u00d3mnibus<\/p>\n<p>Horario: 20:00<\/p>\n<p><strong>\u00a0A CONFIRMAR<\/strong><\/p>\n<p>Reuni\u00f3n de j\u00f3venes<\/p>\n<p><strong>\u00bfC\u00f3mo participar?<\/strong><br \/>\n-Asistiendo a las asambleas barriales, donde los vecinos se encuentran para intercambiar ideas y esbozar propuestas para el pueblo. Se identifican problemas, potencialidades, necesidades y acciones. Se evac\u00faan dudas.<\/p>\n<p>\u2013 En la elaboraci\u00f3n de proyectos. Durante este proceso se produce un ida y vuelta con las \u00e1reas t\u00e9cnicas del municipio para evaluar la factibilidad y los costos de los proyectos que proponen los vecinos.<\/p>\n<p>-En la elecci\u00f3n de proyectos. Los vecinos son informados del trabajo realizado. Una vez interiorizados de la totalidad de los proyectos elaborados y sus costos, cada vecino elige las propuestas que considera prioritarias a trav\u00e9s de un sistema de votaci\u00f3n. Los proyectos se ordenan de acuerdo a la cantidad de votos obtenidos y se incorporan al presupuesto hasta cubrir la suma de dinero estipulada.<\/p>\n<p><strong>\u00bfQui\u00e9nes pueden participar?<\/strong><br \/>\n<em>Durante el proceso:<\/em>\u00a0todas aquellas personas que vivan o trabajen en la localidad de cerrito.<br \/>\n<em>En la elecci\u00f3n de proyectos:<\/em>\u00a0todos los ciudadanos que se encuentren incluidos en el padr\u00f3n electoral y j\u00f3venes desde los 14 a\u00f1os.<\/p>\n<p><strong>\u00bfCu\u00e1les son los Objetivos?<\/strong><\/p>\n<p>-Impulsar la participaci\u00f3n ciudadana como mecanismo de profundizaci\u00f3n democr\u00e1tica<\/p>\n<p>-Mejorar el di\u00e1logo entre el estado municipal y la ciudadan\u00eda<\/p>\n<p>-Fortalecer los lazos comunitarios haciendo m\u00e1s eficiente el manejo de los recursos<\/p>\n<p>-Valorar el papel del vecino como voz autorizada para diagnosticar y evaluar las prioridades barriales<\/p>\n<p>-Favorecer la vinculaci\u00f3n entre los diferentes actores e ideas para desarrollar acciones originales.<\/p>\n<p style=\"text-align: right\"><strong>FUENTE: MUNICIPALIDAD DE CERRITO<\/strong>\u00a0 \u00a0https:\/\/cerrito.gob.ar\/index2012\/?p=63902<\/p>\n<p>\u00a0<a href=\"https:\/\/cdcerrito.gob.ar\/wp-content\/uploads\/CRONOGRAMA-PRESUPUESTO-PARTICIPATIVO.png\"><img loading=\"lazy\" class=\"alignnone size-full wp-image-4909\" alt=\"CRONOGRAMA-PRESUPUESTO-PARTICIPATIVO\" src=\"https:\/\/cdcerrito.gob.ar\/wp-content\/uploads\/CRONOGRAMA-PRESUPUESTO-PARTICIPATIVO.png\" width=\"527\" height=\"755\" \/><\/a><\/p>\n<p>&nbsp;<\/p>\n<p><strong>FUENTE: MUNICIPALIDAD DE CERRITO<\/strong>\u00a0 \u00a0https:\/\/cerrito.gob.ar\/index2012\/?p=63902<\/p>\n","protected":false},"excerpt":{"rendered":"<p>Desde este lunes los vecinos de Cerrito participan de los encuentros programados de la tercera experiencia del programa Presupuesto Participativo. Anoche, en el Sal\u00f3n de la Escuela N\u00ba38 Mariano Necochea, se realiz\u00f3 la primera reuni\u00f3n de esta edici\u00f3n 2021 con vecinos y vecinas de los barrios Norte, Desaguadero, Avellaneda, La Chaveta, Fuerte y parte norte [&hellip;]<\/p>\n","protected":false},"author":4,"featured_media":0,"comment_status":"open","ping_status":"open","sticky":false,"template":"","format":"standard","meta":{"_links_to":"","_links_to_target":""},"categories":[13],"tags":[],"_links":{"self":[{"href":"https:\/\/cdcerrito.gob.ar\/index.php?rest_route=\/wp\/v2\/posts\/4906"}],"collection":[{"href":"https:\/\/cdcerrito.gob.ar\/index.php?rest_route=\/wp\/v2\/posts"}],"about":[{"href":"https:\/\/cdcerrito.gob.ar\/index.php?rest_route=\/wp\/v2\/types\/post"}],"author":[{"embeddable":true,"href":"https:\/\/cdcerrito.gob.ar\/index.php?rest_route=\/wp\/v2\/users\/4"}],"replies":[{"embeddable":true,"href":"https:\/\/cdcerrito.gob.ar\/index.php?rest_route=%2Fwp%2Fv2%2Fcomments&post=4906"}],"version-history":[{"count":4,"href":"https:\/\/cdcerrito.gob.ar\/index.php?rest_route=\/wp\/v2\/posts\/4906\/revisions"}],"predecessor-version":[{"id":4911,"href":"https:\/\/cdcerrito.gob.ar\/index.php?rest_route=\/wp\/v2\/posts\/4906\/revisions\/4911"}],"wp:attachment":[{"href":"https:\/\/cdcerrito.gob.ar\/index.php?rest_route=%2Fwp%2Fv2%2Fmedia&parent=4906"}],"wp:term":[{"taxonomy":"category","embeddable":true,"href":"https:\/\/cdcerrito.gob.ar\/index.php?rest_route=%2Fwp%2Fv2%2Fcategories&post=4906"},{"taxonomy":"post_tag","embeddable":true,"href":"https:\/\/cdcerrito.gob.ar\/index.php?rest_route=%2Fwp%2Fv2%2Ftags&post=4906"}],"curies":[{"name":"wp","href":"https:\/\/api.w.org\/{rel}","templated":true}]}}