{"id":4914,"date":"2021-09-23T08:01:41","date_gmt":"2021-09-23T08:01:41","guid":{"rendered":"http:\/\/cdcerrito.gob.ar\/?p=4914"},"modified":"2021-09-23T11:07:30","modified_gmt":"2021-09-23T11:07:30","slug":"reunion-de-comision-22-de-septiembre","status":"publish","type":"post","link":"https:\/\/cdcerrito.gob.ar\/?p=4914","title":{"rendered":"Reuni\u00f3n de Comisi\u00f3n 22 de septiembre"},"content":{"rendered":"<p style=\"text-align: justify\">El <strong><span style=\"color: #008080\">Concejo Deliberante<\/span> <\/strong>se reuni\u00f3 en la noche del miercoles 22 de septiembre, a las 20.30 horas, en <span style=\"color: #008080\"><strong>Comisi\u00f3n de Hacienda, Obras P\u00fablicas y Producci\u00f3n<\/strong>,<\/span> para continuar trabajando en el P<strong><span style=\"color: #008080\">royecto de Ordenanza\u00a0Registro de emprendedores\/as o trabajadores\/as de la econom\u00eda popular local,<\/span><\/strong> en esta ocasi\u00f3n estuvo presente la Responsable del \u00c1rea de Promoci\u00f3n Social, Sra. Gladys Dab\u00edn, a fin de comentar algunas cuestiones referentes a su trabajo y pertinentes al proyecto en tratamiento.<\/p>\n<p style=\"text-align: justify\">\n","protected":false},"excerpt":{"rendered":"<p>El Concejo Deliberante se reuni\u00f3 en la noche del miercoles 22 de septiembre, a las 20.30 horas, en Comisi\u00f3n de Hacienda, Obras P\u00fablicas y Producci\u00f3n, para continuar trabajando en el Proyecto de Ordenanza\u00a0Registro de emprendedores\/as o trabajadores\/as de la econom\u00eda popular local, en esta ocasi\u00f3n estuvo presente la Responsable del \u00c1rea de Promoci\u00f3n Social, Sra. [&hellip;]<\/p>\n","protected":false},"author":4,"featured_media":0,"comment_status":"open","ping_status":"open","sticky":false,"template":"","format":"standard","meta":{"_links_to":"","_links_to_target":""},"categories":[10],"tags":[],"_links":{"self":[{"href":"https:\/\/cdcerrito.gob.ar\/index.php?rest_route=\/wp\/v2\/posts\/4914"}],"collection":[{"href":"https:\/\/cdcerrito.gob.ar\/index.php?rest_route=\/wp\/v2\/posts"}],"about":[{"href":"https:\/\/cdcerrito.gob.ar\/index.php?rest_route=\/wp\/v2\/types\/post"}],"author":[{"embeddable":true,"href":"https:\/\/cdcerrito.gob.ar\/index.php?rest_route=\/wp\/v2\/users\/4"}],"replies":[{"embeddable":true,"href":"https:\/\/cdcerrito.gob.ar\/index.php?rest_route=%2Fwp%2Fv2%2Fcomments&post=4914"}],"version-history":[{"count":1,"href":"https:\/\/cdcerrito.gob.ar\/index.php?rest_route=\/wp\/v2\/posts\/4914\/revisions"}],"predecessor-version":[{"id":4915,"href":"https:\/\/cdcerrito.gob.ar\/index.php?rest_route=\/wp\/v2\/posts\/4914\/revisions\/4915"}],"wp:attachment":[{"href":"https:\/\/cdcerrito.gob.ar\/index.php?rest_route=%2Fwp%2Fv2%2Fmedia&parent=4914"}],"wp:term":[{"taxonomy":"category","embeddable":true,"href":"https:\/\/cdcerrito.gob.ar\/index.php?rest_route=%2Fwp%2Fv2%2Fcategories&post=4914"},{"taxonomy":"post_tag","embeddable":true,"href":"https:\/\/cdcerrito.gob.ar\/index.php?rest_route=%2Fwp%2Fv2%2Ftags&post=4914"}],"curies":[{"name":"wp","href":"https:\/\/api.w.org\/{rel}","templated":true}]}}