{"id":5173,"date":"2022-01-19T21:19:42","date_gmt":"2022-01-19T21:19:42","guid":{"rendered":"http:\/\/cdcerrito.gob.ar\/?p=5173"},"modified":"2023-01-19T15:08:47","modified_gmt":"2023-01-19T15:08:47","slug":"resoluciones-2022-2","status":"publish","type":"post","link":"https:\/\/cdcerrito.gob.ar\/?p=5173","title":{"rendered":"RESOLUCIONES 2022"},"content":{"rendered":"<p><strong>4 de mayo de 2022<\/strong>:\u00a0<a href=\"https:\/\/cdcerrito.gob.ar\/wp-content\/uploads\/RESOLUCION-N-001-Declarando-de-interes-Jornadas-Culturales-Eslovenas.pdf\">RESOLUCI\u00d3N N\u00ba 001<\/a>\u00a0Declarando de inter\u00e9s del Concejo Deliberante la Jornadas Culturales Eslovenas.<\/p>\n<p><strong>28 de septiembre de 2022: <a href=\"https:\/\/cdcerrito.gob.ar\/wp-content\/uploads\/RESOLUCION-N-002-FIESTA-DE-LA-TRADICION.pdf\">RESOLUCI\u00d3N N\u00ba 002 <\/a><\/strong>\u00a0Declarando de Inter\u00e9s del Concejo Deliberante la III Fiesta de la Tradici\u00f3n.<\/p>\n<p><strong>28 de septiembre de 2022: <a href=\"https:\/\/cdcerrito.gob.ar\/wp-content\/uploads\/RESOLUCION-N-003-Presentacion-libro-autora-eslovena-Asociacion-TRIGLAV.pdf\">RESOLUCI\u00d3N N\u00ba 003<\/a>\u00a0<\/strong>Declarando de Inter\u00e9s del Concejo Deliberante de Cerrito la presentaci\u00f3n del libro traducido al espa\u00f1ol \u201cNikolai el gimnasta y un ladr\u00f3n muy plasta\u201d de la autora eslovena Klarisa Janovanovic.<\/p>\n<p><strong>2 de noviembre de 2022: <a href=\"https:\/\/cdcerrito.gob.ar\/wp-content\/uploads\/RESOLUCION-N-004-Declarando-Huesped-de-Honor-al-Sr.-Maximiliano-Blas-Asensio.pdf\">RESOLUCI\u00d3N N\u00ba 004 <\/a><\/strong>Declarando \u201cHu\u00e9sped de Honor\u201d al Sr. Maximiliano Blas Asensio.<\/p>\n<p><strong>30 de noviembre de 2022<\/strong>: <a href=\"https:\/\/cdcerrito.gob.ar\/wp-content\/uploads\/RESOLUCION-N-005-Declarando-de-Interes-actividades-por-20-aniversario-TRIGLAV-1.pdf\">RESOLUCI\u00d3N N\u00ba 005\u00a0<\/a>Declarando de Inter\u00e9s del Concejo Deliberante de Cerrito las actividades previstas en el marco del 20\u00ba aniversario de la Asociaci\u00f3n Eslovena TRIGLAV<\/p>\n<p><strong>30 de noviembre de 2022:<\/strong> <a href=\"https:\/\/cdcerrito.gob.ar\/wp-content\/uploads\/RESOLUCION-N-006-Declarando-de-Interes-actividades-por-20-aniversario-TRIGLAV-2.pdf\">RESOLUCI\u00d3N N\u00ba 006<\/a>\u00a0Declarando de Inter\u00e9s del Concejo Deliberante de Cerrito el 20\u00ba Aniversario de la Asociaci\u00f3n Eslovena TRIGLAV.<\/p>\n\n\n<p><\/p>\n","protected":false},"excerpt":{"rendered":"<p>4 de mayo de 2022:\u00a0RESOLUCI\u00d3N N\u00ba 001\u00a0Declarando de inter\u00e9s del Concejo Deliberante la Jornadas Culturales Eslovenas. 28 de septiembre de 2022: RESOLUCI\u00d3N N\u00ba 002 \u00a0Declarando de Inter\u00e9s del Concejo Deliberante la III Fiesta de la Tradici\u00f3n. 28 de septiembre de 2022: RESOLUCI\u00d3N N\u00ba 003\u00a0Declarando de Inter\u00e9s del Concejo Deliberante de Cerrito la presentaci\u00f3n del libro [&hellip;]<\/p>\n","protected":false},"author":4,"featured_media":0,"comment_status":"open","ping_status":"open","sticky":false,"template":"","format":"standard","meta":{"_links_to":"","_links_to_target":""},"categories":[6],"tags":[],"_links":{"self":[{"href":"https:\/\/cdcerrito.gob.ar\/index.php?rest_route=\/wp\/v2\/posts\/5173"}],"collection":[{"href":"https:\/\/cdcerrito.gob.ar\/index.php?rest_route=\/wp\/v2\/posts"}],"about":[{"href":"https:\/\/cdcerrito.gob.ar\/index.php?rest_route=\/wp\/v2\/types\/post"}],"author":[{"embeddable":true,"href":"https:\/\/cdcerrito.gob.ar\/index.php?rest_route=\/wp\/v2\/users\/4"}],"replies":[{"embeddable":true,"href":"https:\/\/cdcerrito.gob.ar\/index.php?rest_route=%2Fwp%2Fv2%2Fcomments&post=5173"}],"version-history":[{"count":7,"href":"https:\/\/cdcerrito.gob.ar\/index.php?rest_route=\/wp\/v2\/posts\/5173\/revisions"}],"predecessor-version":[{"id":5616,"href":"https:\/\/cdcerrito.gob.ar\/index.php?rest_route=\/wp\/v2\/posts\/5173\/revisions\/5616"}],"wp:attachment":[{"href":"https:\/\/cdcerrito.gob.ar\/index.php?rest_route=%2Fwp%2Fv2%2Fmedia&parent=5173"}],"wp:term":[{"taxonomy":"category","embeddable":true,"href":"https:\/\/cdcerrito.gob.ar\/index.php?rest_route=%2Fwp%2Fv2%2Fcategories&post=5173"},{"taxonomy":"post_tag","embeddable":true,"href":"https:\/\/cdcerrito.gob.ar\/index.php?rest_route=%2Fwp%2Fv2%2Ftags&post=5173"}],"curies":[{"name":"wp","href":"https:\/\/api.w.org\/{rel}","templated":true}]}}