{"id":5671,"date":"2023-03-16T16:05:00","date_gmt":"2023-03-16T16:05:00","guid":{"rendered":"http:\/\/cdcerrito.gob.ar\/?p=5671"},"modified":"2023-03-16T19:12:43","modified_gmt":"2023-03-16T19:12:43","slug":"apertura-de-sesiones-ordinarias-periodo-2023","status":"publish","type":"post","link":"https:\/\/cdcerrito.gob.ar\/?p=5671","title":{"rendered":"APERTURA DE SESIONES ORDINARIAS PER\u00cdODO 2023"},"content":{"rendered":"<p>\u00a0<\/p>\n<p>El Concejo Deliberante informa a la comunidad que por <a href=\"https:\/\/cdcerrito.gob.ar\/wp-content\/uploads\/Decreto-N-001-2023.docx\">Decreto N\u00ba 001\u00a0\u00a0<\/a>\u00a0se ha convocado a\u00a0la <strong>APERTURA DE SESIONES ORDINARIAS, PER\u00cdODO 2023<\/strong>, para el mi\u00e9rcoles 22 de marzo de 2023, a las 21 hs, modalidad presencial, en el Sal\u00f3n Cultural \u201cMirna Teresita Perottino\u201d del Centro Cultural \u201cIntendente Dr. Gaspar Luis Carlino\u201d de plaza \u201cLas Colonias\u201d, con el siguiente\u00a0<\/p>\n\n\n<p>ORDEN DEL D\u00cdA:<\/p>\n\n\n\n<ol type=\"1\"><li>Presentaci\u00f3n por parte del Presidente Municipal de la Memoria de la Administraci\u00f3n del a\u00f1o 2022, conforme lo estipula el Art\u00edculo N\u00ba 108, inc. h de la Ley N\u00ba 10.027.<\/li><\/ol>\n\n\n\n<p>\u00a1GRACIAS!<\/p>\n\n\n\n<p><\/p>\n\n\n","protected":false},"excerpt":{"rendered":"<p>\u00a0 El Concejo Deliberante informa a la comunidad que por Decreto N\u00ba 001\u00a0\u00a0\u00a0se ha convocado a\u00a0la APERTURA DE SESIONES ORDINARIAS, PER\u00cdODO 2023, para el mi\u00e9rcoles 22 de marzo de 2023, a las 21 hs, modalidad presencial, en el Sal\u00f3n Cultural \u201cMirna Teresita Perottino\u201d del Centro Cultural \u201cIntendente Dr. Gaspar Luis Carlino\u201d de plaza \u201cLas Colonias\u201d, [&hellip;]<\/p>\n","protected":false},"author":6,"featured_media":0,"comment_status":"open","ping_status":"open","sticky":false,"template":"","format":"standard","meta":{"_links_to":"","_links_to_target":""},"categories":[24],"tags":[],"_links":{"self":[{"href":"https:\/\/cdcerrito.gob.ar\/index.php?rest_route=\/wp\/v2\/posts\/5671"}],"collection":[{"href":"https:\/\/cdcerrito.gob.ar\/index.php?rest_route=\/wp\/v2\/posts"}],"about":[{"href":"https:\/\/cdcerrito.gob.ar\/index.php?rest_route=\/wp\/v2\/types\/post"}],"author":[{"embeddable":true,"href":"https:\/\/cdcerrito.gob.ar\/index.php?rest_route=\/wp\/v2\/users\/6"}],"replies":[{"embeddable":true,"href":"https:\/\/cdcerrito.gob.ar\/index.php?rest_route=%2Fwp%2Fv2%2Fcomments&post=5671"}],"version-history":[{"count":1,"href":"https:\/\/cdcerrito.gob.ar\/index.php?rest_route=\/wp\/v2\/posts\/5671\/revisions"}],"predecessor-version":[{"id":5673,"href":"https:\/\/cdcerrito.gob.ar\/index.php?rest_route=\/wp\/v2\/posts\/5671\/revisions\/5673"}],"wp:attachment":[{"href":"https:\/\/cdcerrito.gob.ar\/index.php?rest_route=%2Fwp%2Fv2%2Fmedia&parent=5671"}],"wp:term":[{"taxonomy":"category","embeddable":true,"href":"https:\/\/cdcerrito.gob.ar\/index.php?rest_route=%2Fwp%2Fv2%2Fcategories&post=5671"},{"taxonomy":"post_tag","embeddable":true,"href":"https:\/\/cdcerrito.gob.ar\/index.php?rest_route=%2Fwp%2Fv2%2Ftags&post=5671"}],"curies":[{"name":"wp","href":"https:\/\/api.w.org\/{rel}","templated":true}]}}