{"id":5860,"date":"2023-12-14T08:38:00","date_gmt":"2023-12-14T08:38:00","guid":{"rendered":"http:\/\/cdcerrito.gob.ar\/?p=5860"},"modified":"2023-12-14T12:47:18","modified_gmt":"2023-12-14T12:47:18","slug":"sesion-preparatoria-y-acto-de-asuncion-de-autoridades-municipales-periodo-2023-2027","status":"publish","type":"post","link":"https:\/\/cdcerrito.gob.ar\/?p=5860","title":{"rendered":"Sesi\u00f3n Preparatoria Concejo Deliberante 2023-2027"},"content":{"rendered":"\n<p>El 10 de diciembre de 2023, a las 19.30 horas, tuvo lugar en el Recinto del Concejo Deliberante del Municipio de Cerrito, la Sesi\u00f3n Preparatoria, donde<strong> se constituy\u00f3 formalmente el nuevo Concejo Deliberante de la Ciudad de Cerrito para el per\u00edodo 2023-2027.<\/strong><\/p>\n\n\n\n<p>En este importante acto institucional, presidido por la <strong>Vicepresidente Municipal electa en los comicios del 22 de octubre pasado, Dra. Liliana Belloni,<\/strong> <strong>los Ediles electos asumieron formalmente sus bancas,<\/strong> procediendo en primera instancia a la elecci\u00f3n del Vicepresidente 1\u00ba y Vicepresidente 2\u00ba del Concejo Deliberante, resultando electos por unanimidad:<\/p>\n\n\n\n<p><strong>Vicepresidente 1\u00ba : Concejal Gladys Haydee Dab\u00edn.<\/strong><\/p>\n\n\n\n<p><strong>Vicepresidente 2\u00ba: Concejal Flavia Bel\u00e9n Romero.<\/strong><\/p>\n\n\n\n<p>En segunda instancia, el Concejo Deliberante procedi\u00f3 al <strong>nombramiento del Secretario del Concejo, <\/strong>por votaci\u00f3n un\u00e1nime la <strong>Srta. Melissa Luisina Andrian<\/strong> ha sido nombrada nuevamente como Secretaria del Concejo.<\/p>\n\n\n\n<p>Tras la redacci\u00f3n y aprobaci\u00f3n del Acta correspondiente, el nuevo Concejo Deliberante se dirigi\u00f3 a la explanada del edificio municipal, donde se realiz\u00f3 la toma de juramento a todos los funcionarios que asumen el gobierno municipal 2023-2027.<\/p>\n\n\n<p><a href=\"https:\/\/cdcerrito.gob.ar\/wp-content\/uploads\/Foto-autoridades-EDITADA.jpg\"><img loading=\"lazy\" class=\"alignnone size-medium wp-image-5852\" src=\"https:\/\/cdcerrito.gob.ar\/wp-content\/uploads\/Foto-autoridades-EDITADA-850x478.jpg\" alt=\"\" width=\"850\" height=\"478\" srcset=\"https:\/\/cdcerrito.gob.ar\/wp-content\/uploads\/Foto-autoridades-EDITADA-850x478.jpg 850w, https:\/\/cdcerrito.gob.ar\/wp-content\/uploads\/Foto-autoridades-EDITADA-250x141.jpg 250w\" sizes=\"(max-width: 850px) 100vw, 850px\" \/><\/a><\/p>\n<p><a href=\"https:\/\/cdcerrito.gob.ar\/wp-content\/uploads\/WhatsApp-Image-2023-12-13-at-12.07.39-1.jpeg\"><img loading=\"lazy\" class=\"alignnone size-medium wp-image-5861\" src=\"https:\/\/cdcerrito.gob.ar\/wp-content\/uploads\/WhatsApp-Image-2023-12-13-at-12.07.39-1-850x478.jpeg\" alt=\"\" width=\"850\" height=\"478\" srcset=\"https:\/\/cdcerrito.gob.ar\/wp-content\/uploads\/WhatsApp-Image-2023-12-13-at-12.07.39-1-850x478.jpeg 850w, https:\/\/cdcerrito.gob.ar\/wp-content\/uploads\/WhatsApp-Image-2023-12-13-at-12.07.39-1-1200x675.jpeg 1200w, https:\/\/cdcerrito.gob.ar\/wp-content\/uploads\/WhatsApp-Image-2023-12-13-at-12.07.39-1-250x141.jpeg 250w\" sizes=\"(max-width: 850px) 100vw, 850px\" \/><\/a><\/p>\n<p><a href=\"https:\/\/cdcerrito.gob.ar\/wp-content\/uploads\/WhatsApp-Image-2023-12-13-at-12.07.38.jpeg\"><img loading=\"lazy\" class=\"alignnone size-medium wp-image-5862\" src=\"https:\/\/cdcerrito.gob.ar\/wp-content\/uploads\/WhatsApp-Image-2023-12-13-at-12.07.38-850x478.jpeg\" alt=\"\" width=\"850\" height=\"478\" srcset=\"https:\/\/cdcerrito.gob.ar\/wp-content\/uploads\/WhatsApp-Image-2023-12-13-at-12.07.38-850x478.jpeg 850w, https:\/\/cdcerrito.gob.ar\/wp-content\/uploads\/WhatsApp-Image-2023-12-13-at-12.07.38-1200x675.jpeg 1200w, https:\/\/cdcerrito.gob.ar\/wp-content\/uploads\/WhatsApp-Image-2023-12-13-at-12.07.38-250x141.jpeg 250w, https:\/\/cdcerrito.gob.ar\/wp-content\/uploads\/WhatsApp-Image-2023-12-13-at-12.07.38-768x432.jpeg 768w, https:\/\/cdcerrito.gob.ar\/wp-content\/uploads\/WhatsApp-Image-2023-12-13-at-12.07.38-1536x864.jpeg 1536w, https:\/\/cdcerrito.gob.ar\/wp-content\/uploads\/WhatsApp-Image-2023-12-13-at-12.07.38.jpeg 1600w\" sizes=\"(max-width: 850px) 100vw, 850px\" \/><\/a><\/p>","protected":false},"excerpt":{"rendered":"<p>El 10 de diciembre de 2023, a las 19.30 horas, tuvo lugar en el Recinto del Concejo Deliberante del Municipio de Cerrito, la Sesi\u00f3n Preparatoria, donde se constituy\u00f3 formalmente el nuevo Concejo Deliberante de la Ciudad de Cerrito para el per\u00edodo 2023-2027. En este importante acto institucional, presidido por la Vicepresidente Municipal electa en los [&hellip;]<\/p>\n","protected":false},"author":6,"featured_media":0,"comment_status":"open","ping_status":"open","sticky":false,"template":"","format":"standard","meta":{"_links_to":"","_links_to_target":""},"categories":[24],"tags":[],"_links":{"self":[{"href":"https:\/\/cdcerrito.gob.ar\/index.php?rest_route=\/wp\/v2\/posts\/5860"}],"collection":[{"href":"https:\/\/cdcerrito.gob.ar\/index.php?rest_route=\/wp\/v2\/posts"}],"about":[{"href":"https:\/\/cdcerrito.gob.ar\/index.php?rest_route=\/wp\/v2\/types\/post"}],"author":[{"embeddable":true,"href":"https:\/\/cdcerrito.gob.ar\/index.php?rest_route=\/wp\/v2\/users\/6"}],"replies":[{"embeddable":true,"href":"https:\/\/cdcerrito.gob.ar\/index.php?rest_route=%2Fwp%2Fv2%2Fcomments&post=5860"}],"version-history":[{"count":7,"href":"https:\/\/cdcerrito.gob.ar\/index.php?rest_route=\/wp\/v2\/posts\/5860\/revisions"}],"predecessor-version":[{"id":5872,"href":"https:\/\/cdcerrito.gob.ar\/index.php?rest_route=\/wp\/v2\/posts\/5860\/revisions\/5872"}],"wp:attachment":[{"href":"https:\/\/cdcerrito.gob.ar\/index.php?rest_route=%2Fwp%2Fv2%2Fmedia&parent=5860"}],"wp:term":[{"taxonomy":"category","embeddable":true,"href":"https:\/\/cdcerrito.gob.ar\/index.php?rest_route=%2Fwp%2Fv2%2Fcategories&post=5860"},{"taxonomy":"post_tag","embeddable":true,"href":"https:\/\/cdcerrito.gob.ar\/index.php?rest_route=%2Fwp%2Fv2%2Ftags&post=5860"}],"curies":[{"name":"wp","href":"https:\/\/api.w.org\/{rel}","templated":true}]}}