{"id":6038,"date":"2024-07-05T14:36:00","date_gmt":"2024-07-05T14:36:00","guid":{"rendered":"http:\/\/cdcerrito.gob.ar\/?p=6038"},"modified":"2024-07-05T17:38:41","modified_gmt":"2024-07-05T17:38:41","slug":"sesion-ordinaria-10-de-julio-2024","status":"publish","type":"post","link":"https:\/\/cdcerrito.gob.ar\/?p=6038","title":{"rendered":"SESI\u00d3N ORDINARIA 10 DE JULIO 2024"},"content":{"rendered":"\n<p><\/p>\n\n\n<p>El <strong>Concejo Deliberante<\/strong> informa a la comunidad que, por <a href=\"https:\/\/cdcerrito.gob.ar\/wp-content\/uploads\/3.-Decreto-N-003-2024-escaneado.pdf\">Decreto N\u00ba 003,<\/a><u><\/u>\u00a0se ha convocado a Sesi\u00f3n Ordinaria para el\u00a0<strong>mi\u00e9rcoles 10 de julio de 2024 a las 20.30 hs<\/strong>, en el\u00a0Recinto del Concejo Deliberante de la Municipalidad de Cerrito,<strong> calle Santa Fe N\u00ba 85, a fin de <\/strong>tratar los siguientes puntos del Orden del D\u00eda:<\/p>\n<p><strong>1-Lectura y consideraci\u00f3n del Acta<\/strong> de la Sesi\u00f3n Ordinaria del 8 de mayo de 2024.<\/p>\n<p><strong>2- <\/strong><strong style=\"color: initial;\">Informe interno de actividades del Concejo Deliberante.<\/strong><\/p>\n<p><strong>3- <\/strong><strong style=\"color: initial;\">Asuntos entrados<\/strong><span style=\"color: initial;\">:<\/span><\/p>\n<p>-Nota solicitando se Declare de Inter\u00e9s del Concejo Deliberante de la Ciudad de Cerrito la 5ta. Fiesta de la Tradici\u00f3n. (Presentada por la Directora de la Escuela de Danzas la Fortinera el 14 de junio de 2024)<\/p>\n<p><strong>4- Proyecto de Ordenanza<\/strong> Estacionamiento en Planta Urbana Pueblo Moreno (Presentado por Bloque Uni\u00f3n Vecinal Cerrito, el 6 de junio de 2024)<\/p>\n<p><strong>5- Proyecto de Ordenanza <\/strong>Pavimento de Hormig\u00f3n Armado en calle Corrientes, entre Sixto De Perini y Dr. Ren\u00e9 Favaloro y la bocacalle de Corrientes y Dr. Ren\u00e9 Favaloro (Presentado por el Departamento Ejecutivo Municipal el 2 de julio de 2024)<\/p>\n<p><strong>6- Proyecto de Ordenanza <\/strong>Modificaci\u00f3n C\u00f3digo Tributario Municipal a\u00f1o 2024 (Presentado por el Departamento Ejecutivo Municipal el 2 de julio de 2024)<\/p>\n<p><strong>7- Proyecto de Ordenanza <\/strong>Ratificaci\u00f3n del Convenio de colaboraci\u00f3n entre la Municipalidad y la Administradora Tributaria de Entre R\u00edos (Presentado por el Departamento Ejecutivo Municipal el 2 de julio de 2024)<\/p>\n<p>\u00a0<\/p>\n<p>\u00a1\u00a1GRACIAS!!<\/p>\n\n\n<p><\/p>\n","protected":false},"excerpt":{"rendered":"<p>El Concejo Deliberante informa a la comunidad que, por Decreto N\u00ba 003,\u00a0se ha convocado a Sesi\u00f3n Ordinaria para el\u00a0mi\u00e9rcoles 10 de julio de 2024 a las 20.30 hs, en el\u00a0Recinto del Concejo Deliberante de la Municipalidad de Cerrito, calle Santa Fe N\u00ba 85, a fin de tratar los siguientes puntos del Orden del D\u00eda: 1-Lectura [&hellip;]<\/p>\n","protected":false},"author":6,"featured_media":0,"comment_status":"open","ping_status":"open","sticky":false,"template":"","format":"standard","meta":{"_links_to":"","_links_to_target":""},"categories":[3],"tags":[],"_links":{"self":[{"href":"https:\/\/cdcerrito.gob.ar\/index.php?rest_route=\/wp\/v2\/posts\/6038"}],"collection":[{"href":"https:\/\/cdcerrito.gob.ar\/index.php?rest_route=\/wp\/v2\/posts"}],"about":[{"href":"https:\/\/cdcerrito.gob.ar\/index.php?rest_route=\/wp\/v2\/types\/post"}],"author":[{"embeddable":true,"href":"https:\/\/cdcerrito.gob.ar\/index.php?rest_route=\/wp\/v2\/users\/6"}],"replies":[{"embeddable":true,"href":"https:\/\/cdcerrito.gob.ar\/index.php?rest_route=%2Fwp%2Fv2%2Fcomments&post=6038"}],"version-history":[{"count":2,"href":"https:\/\/cdcerrito.gob.ar\/index.php?rest_route=\/wp\/v2\/posts\/6038\/revisions"}],"predecessor-version":[{"id":6048,"href":"https:\/\/cdcerrito.gob.ar\/index.php?rest_route=\/wp\/v2\/posts\/6038\/revisions\/6048"}],"wp:attachment":[{"href":"https:\/\/cdcerrito.gob.ar\/index.php?rest_route=%2Fwp%2Fv2%2Fmedia&parent=6038"}],"wp:term":[{"taxonomy":"category","embeddable":true,"href":"https:\/\/cdcerrito.gob.ar\/index.php?rest_route=%2Fwp%2Fv2%2Fcategories&post=6038"},{"taxonomy":"post_tag","embeddable":true,"href":"https:\/\/cdcerrito.gob.ar\/index.php?rest_route=%2Fwp%2Fv2%2Ftags&post=6038"}],"curies":[{"name":"wp","href":"https:\/\/api.w.org\/{rel}","templated":true}]}}