{"id":6042,"date":"2024-07-05T13:36:00","date_gmt":"2024-07-05T13:36:00","guid":{"rendered":"http:\/\/cdcerrito.gob.ar\/?p=6042"},"modified":"2024-07-05T17:37:45","modified_gmt":"2024-07-05T17:37:45","slug":"reunion-del-concejo-en-comision-03-de-julio-de-2024","status":"publish","type":"post","link":"https:\/\/cdcerrito.gob.ar\/?p=6042","title":{"rendered":"Reuni\u00f3n del Concejo en Comisi\u00f3n 03 de julio de 2024"},"content":{"rendered":"\n<p>El Concejo Deliberante se ha reunido en Comisi\u00f3n el pasado mi\u00e9rcoles 3 de julio de 2024, a fin de tratar el proyecto de comunicaci\u00f3n Dengue, el cual cobr\u00f3 estado parlamentario el 8 de mayo de 2024. <\/p>\n\n\n\n<p>Los Concejales han acordado organizar una reuni\u00f3n con la responsable del Hospital Jos\u00e9 Mar\u00eda Miranda,  a fin de tomar conocimiento sobre el estado de la situaci\u00f3n y en funci\u00f3n de ello evaluar posibles acciones.-<\/p>\n\n\n\n<figure class=\"wp-block-image size-large\"><a href=\"https:\/\/cdcerrito.gob.ar\/wp-content\/uploads\/Comision-3-07-2024.jpg\"><img loading=\"lazy\" width=\"1200\" height=\"575\" src=\"https:\/\/cdcerrito.gob.ar\/wp-content\/uploads\/Comision-3-07-2024-1200x575.jpg\" alt=\"\" class=\"wp-image-6043\"\/><\/a><\/figure>\n\n\n\n<figure class=\"wp-block-image size-large\"><a href=\"https:\/\/cdcerrito.gob.ar\/wp-content\/uploads\/Comision-03-07-2024.jpg\"><img loading=\"lazy\" width=\"1200\" height=\"675\" src=\"https:\/\/cdcerrito.gob.ar\/wp-content\/uploads\/Comision-03-07-2024-1200x675.jpg\" alt=\"\" class=\"wp-image-6044\" srcset=\"https:\/\/cdcerrito.gob.ar\/wp-content\/uploads\/Comision-03-07-2024-1200x675.jpg 1200w, https:\/\/cdcerrito.gob.ar\/wp-content\/uploads\/Comision-03-07-2024-850x478.jpg 850w, https:\/\/cdcerrito.gob.ar\/wp-content\/uploads\/Comision-03-07-2024-250x141.jpg 250w\" sizes=\"(max-width: 1200px) 100vw, 1200px\" \/><\/a><\/figure>\n\n\n\n<figure class=\"wp-block-image size-large\"><a href=\"https:\/\/cdcerrito.gob.ar\/wp-content\/uploads\/COMISION-03-07-2024-3.jpg\"><img loading=\"lazy\" width=\"1200\" height=\"675\" src=\"https:\/\/cdcerrito.gob.ar\/wp-content\/uploads\/COMISION-03-07-2024-3-1200x675.jpg\" alt=\"\" class=\"wp-image-6045\" srcset=\"https:\/\/cdcerrito.gob.ar\/wp-content\/uploads\/COMISION-03-07-2024-3-1200x675.jpg 1200w, https:\/\/cdcerrito.gob.ar\/wp-content\/uploads\/COMISION-03-07-2024-3-850x478.jpg 850w, https:\/\/cdcerrito.gob.ar\/wp-content\/uploads\/COMISION-03-07-2024-3-250x141.jpg 250w\" sizes=\"(max-width: 1200px) 100vw, 1200px\" \/><\/a><\/figure>\n","protected":false},"excerpt":{"rendered":"<p>El Concejo Deliberante se ha reunido en Comisi\u00f3n el pasado mi\u00e9rcoles 3 de julio de 2024, a fin de tratar el proyecto de comunicaci\u00f3n Dengue, el cual cobr\u00f3 estado parlamentario el 8 de mayo de 2024. Los Concejales han acordado organizar una reuni\u00f3n con la responsable del Hospital Jos\u00e9 Mar\u00eda Miranda, a fin de tomar [&hellip;]<\/p>\n","protected":false},"author":6,"featured_media":0,"comment_status":"open","ping_status":"open","sticky":false,"template":"","format":"standard","meta":{"_links_to":"","_links_to_target":""},"categories":[11],"tags":[],"_links":{"self":[{"href":"https:\/\/cdcerrito.gob.ar\/index.php?rest_route=\/wp\/v2\/posts\/6042"}],"collection":[{"href":"https:\/\/cdcerrito.gob.ar\/index.php?rest_route=\/wp\/v2\/posts"}],"about":[{"href":"https:\/\/cdcerrito.gob.ar\/index.php?rest_route=\/wp\/v2\/types\/post"}],"author":[{"embeddable":true,"href":"https:\/\/cdcerrito.gob.ar\/index.php?rest_route=\/wp\/v2\/users\/6"}],"replies":[{"embeddable":true,"href":"https:\/\/cdcerrito.gob.ar\/index.php?rest_route=%2Fwp%2Fv2%2Fcomments&post=6042"}],"version-history":[{"count":2,"href":"https:\/\/cdcerrito.gob.ar\/index.php?rest_route=\/wp\/v2\/posts\/6042\/revisions"}],"predecessor-version":[{"id":6047,"href":"https:\/\/cdcerrito.gob.ar\/index.php?rest_route=\/wp\/v2\/posts\/6042\/revisions\/6047"}],"wp:attachment":[{"href":"https:\/\/cdcerrito.gob.ar\/index.php?rest_route=%2Fwp%2Fv2%2Fmedia&parent=6042"}],"wp:term":[{"taxonomy":"category","embeddable":true,"href":"https:\/\/cdcerrito.gob.ar\/index.php?rest_route=%2Fwp%2Fv2%2Fcategories&post=6042"},{"taxonomy":"post_tag","embeddable":true,"href":"https:\/\/cdcerrito.gob.ar\/index.php?rest_route=%2Fwp%2Fv2%2Ftags&post=6042"}],"curies":[{"name":"wp","href":"https:\/\/api.w.org\/{rel}","templated":true}]}}