{"id":6068,"date":"2024-07-16T14:08:00","date_gmt":"2024-07-16T14:08:00","guid":{"rendered":"http:\/\/cdcerrito.gob.ar\/?p=6068"},"modified":"2024-07-16T17:43:03","modified_gmt":"2024-07-16T17:43:03","slug":"v-fiesta-de-la-tradicion-declarada-de-interes-del-concejo-deliberante","status":"publish","type":"post","link":"https:\/\/cdcerrito.gob.ar\/?p=6068","title":{"rendered":"V Fiesta de la Tradici\u00f3n Declarada de Inter\u00e9s del Concejo Deliberante"},"content":{"rendered":"<p>En el d\u00eda de la fecha, la Directora de la Escuela de Danzas la Fortinera, Prof. Nanci Quinteros, ha recibido de manos de la Vicepresidente 1\u00ba Concejal Gladys Dab\u00edn, en representaci\u00f3n del todo el Cuerpo, la <a href=\"https:\/\/cdcerrito.gob.ar\/wp-content\/uploads\/RESOLUCION-N-001-1.pdf\">RESOLUCI\u00d3N N\u00ba 001<\/a> aprobada por unanimidad en Sesi\u00f3n Ordinaria el 10 de julio de 2024, por la cual se <span style=\"color: #000080;\"><strong>declara de Inter\u00e9s del Concejo Deliberante de Cerrito <\/strong><strong><span style=\"color: #000080;\">la <\/span>V Fiesta de la Tradici\u00f3n<\/strong><\/span> que tendr\u00e1 lugar en Cerrito, el 9 de noviembre de 2024.<\/p>\n<p><a href=\"https:\/\/cdcerrito.gob.ar\/wp-content\/uploads\/Foto-Gladys-y-Nancy.jpg\"><img loading=\"lazy\" class=\"alignnone size-medium wp-image-6069\" src=\"https:\/\/cdcerrito.gob.ar\/wp-content\/uploads\/Foto-Gladys-y-Nancy-850x478.jpg\" alt=\"\" width=\"850\" height=\"478\" srcset=\"https:\/\/cdcerrito.gob.ar\/wp-content\/uploads\/Foto-Gladys-y-Nancy-850x478.jpg 850w, https:\/\/cdcerrito.gob.ar\/wp-content\/uploads\/Foto-Gladys-y-Nancy-1200x675.jpg 1200w, https:\/\/cdcerrito.gob.ar\/wp-content\/uploads\/Foto-Gladys-y-Nancy-250x141.jpg 250w\" sizes=\"(max-width: 850px) 100vw, 850px\" \/><\/a><\/p>\n","protected":false},"excerpt":{"rendered":"<p>En el d\u00eda de la fecha, la Directora de la Escuela de Danzas la Fortinera, Prof. Nanci Quinteros, ha recibido de manos de la Vicepresidente 1\u00ba Concejal Gladys Dab\u00edn, en representaci\u00f3n del todo el Cuerpo, la RESOLUCI\u00d3N N\u00ba 001 aprobada por unanimidad en Sesi\u00f3n Ordinaria el 10 de julio de 2024, por la cual se [&hellip;]<\/p>\n","protected":false},"author":6,"featured_media":0,"comment_status":"open","ping_status":"open","sticky":false,"template":"","format":"standard","meta":{"_links_to":"","_links_to_target":""},"categories":[24],"tags":[],"_links":{"self":[{"href":"https:\/\/cdcerrito.gob.ar\/index.php?rest_route=\/wp\/v2\/posts\/6068"}],"collection":[{"href":"https:\/\/cdcerrito.gob.ar\/index.php?rest_route=\/wp\/v2\/posts"}],"about":[{"href":"https:\/\/cdcerrito.gob.ar\/index.php?rest_route=\/wp\/v2\/types\/post"}],"author":[{"embeddable":true,"href":"https:\/\/cdcerrito.gob.ar\/index.php?rest_route=\/wp\/v2\/users\/6"}],"replies":[{"embeddable":true,"href":"https:\/\/cdcerrito.gob.ar\/index.php?rest_route=%2Fwp%2Fv2%2Fcomments&post=6068"}],"version-history":[{"count":8,"href":"https:\/\/cdcerrito.gob.ar\/index.php?rest_route=\/wp\/v2\/posts\/6068\/revisions"}],"predecessor-version":[{"id":6079,"href":"https:\/\/cdcerrito.gob.ar\/index.php?rest_route=\/wp\/v2\/posts\/6068\/revisions\/6079"}],"wp:attachment":[{"href":"https:\/\/cdcerrito.gob.ar\/index.php?rest_route=%2Fwp%2Fv2%2Fmedia&parent=6068"}],"wp:term":[{"taxonomy":"category","embeddable":true,"href":"https:\/\/cdcerrito.gob.ar\/index.php?rest_route=%2Fwp%2Fv2%2Fcategories&post=6068"},{"taxonomy":"post_tag","embeddable":true,"href":"https:\/\/cdcerrito.gob.ar\/index.php?rest_route=%2Fwp%2Fv2%2Ftags&post=6068"}],"curies":[{"name":"wp","href":"https:\/\/api.w.org\/{rel}","templated":true}]}}