{"id":6180,"date":"2024-09-26T15:18:14","date_gmt":"2024-09-26T15:18:14","guid":{"rendered":"https:\/\/cdcerrito.gob.ar\/?p=6180"},"modified":"2024-09-26T15:18:14","modified_gmt":"2024-09-26T15:18:14","slug":"plan-estrategico-de-prevencion-y-control-del-dengue","status":"publish","type":"post","link":"https:\/\/cdcerrito.gob.ar\/?p=6180","title":{"rendered":"Plan Estrat\u00e9gico de Prevenci\u00f3n y Control del Dengue"},"content":{"rendered":"\n<p>El d\u00eda 25 de septiembre desde el Concejo Deliberante de Cerrito, la Viceintendente Liliana Belloni y la Secretaria Melissa Andrian, participaron de la reuni\u00f3n virtual, organizada por el Ministerio de Salud de la Provincia de Entre R\u00edos, que tuvo por objeto <strong>presentar a los Municipios el Plan Estrat\u00e9gico de Prevenci\u00f3n y Control de Dengue 2024-2025<\/strong>, aboc\u00e1ndose puntualmente a las tres fases que contempla el Plan.<\/p>\n\n\n\n<p>La participaci\u00f3n del Concejo Deliberante en esta instancia, obedece a la reciente aprobaci\u00f3n de la Resoluci\u00f3n N\u00ba 002, por la cual se procura contribuir a la profundizaci\u00f3n de la Campa\u00f1a de prevenci\u00f3n contra el Dengue que lleva adelante la Municipalidad, reforzar la concientizaci\u00f3n de la importancia del cuidado colectivo, a trav\u00e9s del descarte de agua y l\u00edquidos acumulados que contribuyan a evitar el nacimiento de larvas.<\/p>\n\n\n\n<figure class=\"wp-block-image size-large\"><a href=\"https:\/\/cdcerrito.gob.ar\/wp-content\/uploads\/Dengue-2.jpg\"><img loading=\"lazy\" width=\"1200\" height=\"675\" src=\"https:\/\/cdcerrito.gob.ar\/wp-content\/uploads\/Dengue-2-1200x675.jpg\" alt=\"\" class=\"wp-image-6181\" srcset=\"https:\/\/cdcerrito.gob.ar\/wp-content\/uploads\/Dengue-2-1200x675.jpg 1200w, https:\/\/cdcerrito.gob.ar\/wp-content\/uploads\/Dengue-2-850x478.jpg 850w, https:\/\/cdcerrito.gob.ar\/wp-content\/uploads\/Dengue-2-250x141.jpg 250w\" sizes=\"(max-width: 1200px) 100vw, 1200px\" \/><\/a><\/figure>\n\n\n\n<figure class=\"wp-block-image size-large\"><a href=\"https:\/\/cdcerrito.gob.ar\/wp-content\/uploads\/Dengue-4.jpg\"><img loading=\"lazy\" width=\"1200\" height=\"675\" src=\"https:\/\/cdcerrito.gob.ar\/wp-content\/uploads\/Dengue-4-1200x675.jpg\" alt=\"\" class=\"wp-image-6182\" srcset=\"https:\/\/cdcerrito.gob.ar\/wp-content\/uploads\/Dengue-4-1200x675.jpg 1200w, https:\/\/cdcerrito.gob.ar\/wp-content\/uploads\/Dengue-4-850x478.jpg 850w, https:\/\/cdcerrito.gob.ar\/wp-content\/uploads\/Dengue-4-250x141.jpg 250w\" sizes=\"(max-width: 1200px) 100vw, 1200px\" \/><\/a><\/figure>\n","protected":false},"excerpt":{"rendered":"<p>El d\u00eda 25 de septiembre desde el Concejo Deliberante de Cerrito, la Viceintendente Liliana Belloni y la Secretaria Melissa Andrian, participaron de la reuni\u00f3n virtual, organizada por el Ministerio de Salud de la Provincia de Entre R\u00edos, que tuvo por objeto presentar a los Municipios el Plan Estrat\u00e9gico de Prevenci\u00f3n y Control de Dengue 2024-2025, [&hellip;]<\/p>\n","protected":false},"author":6,"featured_media":0,"comment_status":"open","ping_status":"open","sticky":false,"template":"","format":"standard","meta":{"_links_to":"","_links_to_target":""},"categories":[24],"tags":[],"_links":{"self":[{"href":"https:\/\/cdcerrito.gob.ar\/index.php?rest_route=\/wp\/v2\/posts\/6180"}],"collection":[{"href":"https:\/\/cdcerrito.gob.ar\/index.php?rest_route=\/wp\/v2\/posts"}],"about":[{"href":"https:\/\/cdcerrito.gob.ar\/index.php?rest_route=\/wp\/v2\/types\/post"}],"author":[{"embeddable":true,"href":"https:\/\/cdcerrito.gob.ar\/index.php?rest_route=\/wp\/v2\/users\/6"}],"replies":[{"embeddable":true,"href":"https:\/\/cdcerrito.gob.ar\/index.php?rest_route=%2Fwp%2Fv2%2Fcomments&post=6180"}],"version-history":[{"count":1,"href":"https:\/\/cdcerrito.gob.ar\/index.php?rest_route=\/wp\/v2\/posts\/6180\/revisions"}],"predecessor-version":[{"id":6183,"href":"https:\/\/cdcerrito.gob.ar\/index.php?rest_route=\/wp\/v2\/posts\/6180\/revisions\/6183"}],"wp:attachment":[{"href":"https:\/\/cdcerrito.gob.ar\/index.php?rest_route=%2Fwp%2Fv2%2Fmedia&parent=6180"}],"wp:term":[{"taxonomy":"category","embeddable":true,"href":"https:\/\/cdcerrito.gob.ar\/index.php?rest_route=%2Fwp%2Fv2%2Fcategories&post=6180"},{"taxonomy":"post_tag","embeddable":true,"href":"https:\/\/cdcerrito.gob.ar\/index.php?rest_route=%2Fwp%2Fv2%2Ftags&post=6180"}],"curies":[{"name":"wp","href":"https:\/\/api.w.org\/{rel}","templated":true}]}}