{"id":6596,"date":"2026-03-13T09:42:00","date_gmt":"2026-03-13T09:42:00","guid":{"rendered":"https:\/\/cdcerrito.gob.ar\/?p=6596"},"modified":"2026-03-13T12:56:40","modified_gmt":"2026-03-13T12:56:40","slug":"apertura-de-sesiones-ordinarias-periodo-2026","status":"publish","type":"post","link":"https:\/\/cdcerrito.gob.ar\/?p=6596","title":{"rendered":"APERTURA DE SESIONES ORDINARIAS, PER\u00cdODO 2026."},"content":{"rendered":"<p>El <strong>Concejo Deliberante<\/strong> informa a la comunidad que, por <a href=\"https:\/\/cdcerrito.gob.ar\/wp-content\/uploads\/Decreto-N-001-2026-escaneado.pdf\">Decreto N\u00ba 001<\/a><a href=\"https:\/\/cdcerrito.gob.ar\/wp-content\/uploads\/5.-Decreto-N-005.pdf\">,<\/a>\u00a0se ha convocado a la <strong>Apertura de Sesiones Ordinarias, Per\u00edodo 2026,<\/strong> el 18 de marzo de 2026, a las 20.30 horas, en el Sal\u00f3n Auditorio de la Municipalidad de Cerrito, calle Santa Fe N\u00ba 85<strong>, <\/strong>a fin de tratar los siguientes puntos del Orden del D\u00eda:<\/p>\n<p><strong>\u00a01-<\/strong>Toma de juramento al Sr. Horacio Leonildo Menghi D.N.I N\u00ba 12.556.602 como Concejal Titular de la Municipalidad de Cerrito por el Bloque Uni\u00f3n Vecinal Cerrito.<\/p>\n<p><strong>2-<\/strong>Presentaci\u00f3n por parte del Presidente Municipal de la Memoria de la Administraci\u00f3n del a\u00f1o 2025, conforme lo estipula el Art\u00edculo N\u00ba 108, inc. h de la Ley N\u00ba 10.027.<strong>\u00a0<\/strong><\/p>\n<p style=\"text-align: center;\"><strong>\u00a1GRACIAS!<\/strong><\/p>\n","protected":false},"excerpt":{"rendered":"<p>El Concejo Deliberante informa a la comunidad que, por Decreto N\u00ba 001,\u00a0se ha convocado a la Apertura de Sesiones Ordinarias, Per\u00edodo 2026, el 18 de marzo de 2026, a las 20.30 horas, en el Sal\u00f3n Auditorio de la Municipalidad de Cerrito, calle Santa Fe N\u00ba 85, a fin de tratar los siguientes puntos del Orden [&hellip;]<\/p>\n","protected":false},"author":6,"featured_media":0,"comment_status":"open","ping_status":"open","sticky":false,"template":"","format":"standard","meta":{"_links_to":"","_links_to_target":""},"categories":[24,3],"tags":[],"_links":{"self":[{"href":"https:\/\/cdcerrito.gob.ar\/index.php?rest_route=\/wp\/v2\/posts\/6596"}],"collection":[{"href":"https:\/\/cdcerrito.gob.ar\/index.php?rest_route=\/wp\/v2\/posts"}],"about":[{"href":"https:\/\/cdcerrito.gob.ar\/index.php?rest_route=\/wp\/v2\/types\/post"}],"author":[{"embeddable":true,"href":"https:\/\/cdcerrito.gob.ar\/index.php?rest_route=\/wp\/v2\/users\/6"}],"replies":[{"embeddable":true,"href":"https:\/\/cdcerrito.gob.ar\/index.php?rest_route=%2Fwp%2Fv2%2Fcomments&post=6596"}],"version-history":[{"count":4,"href":"https:\/\/cdcerrito.gob.ar\/index.php?rest_route=\/wp\/v2\/posts\/6596\/revisions"}],"predecessor-version":[{"id":6605,"href":"https:\/\/cdcerrito.gob.ar\/index.php?rest_route=\/wp\/v2\/posts\/6596\/revisions\/6605"}],"wp:attachment":[{"href":"https:\/\/cdcerrito.gob.ar\/index.php?rest_route=%2Fwp%2Fv2%2Fmedia&parent=6596"}],"wp:term":[{"taxonomy":"category","embeddable":true,"href":"https:\/\/cdcerrito.gob.ar\/index.php?rest_route=%2Fwp%2Fv2%2Fcategories&post=6596"},{"taxonomy":"post_tag","embeddable":true,"href":"https:\/\/cdcerrito.gob.ar\/index.php?rest_route=%2Fwp%2Fv2%2Ftags&post=6596"}],"curies":[{"name":"wp","href":"https:\/\/api.w.org\/{rel}","templated":true}]}}