{"id":6660,"date":"2026-04-30T18:30:00","date_gmt":"2026-04-30T18:30:00","guid":{"rendered":"https:\/\/cdcerrito.gob.ar\/?p=6660"},"modified":"2026-04-30T21:36:42","modified_gmt":"2026-04-30T21:36:42","slug":"sesion-ordinaria-6-de-mayo-de-2026","status":"publish","type":"post","link":"https:\/\/cdcerrito.gob.ar\/?p=6660","title":{"rendered":"SESI\u00d3N ORDINARIA 6 DE MAYO DE 2026"},"content":{"rendered":"\n<p><\/p>\n\n\n<p><\/p>\n<p>El <strong>Concejo Deliberante<\/strong> informa a la comunidad que, por <a href=\"https:\/\/cdcerrito.gob.ar\/wp-content\/uploads\/3.-Decreto-N-003-2026-escaneado.pdf\">Decreto N\u00ba 003<\/a>,\u00a0se ha convocado a <strong>Sesi\u00f3n Ordinaria,<\/strong> para el d\u00eda 6 de mayo de 2026, a las 20.30 horas, en el\u00a0Recinto del Concejo Deliberante, calle Santa Fe N\u00ba 85<strong>, <\/strong>a fin detratar los siguientes puntos del <strong>Orden del D\u00eda<\/strong>:<\/p>\n<p> <\/p>\n<p><strong>1. Lectura y consideraci\u00f3n del Acta<\/strong> de la Sesi\u00f3n Ordinaria del 8 de abril de 2026.<\/p>\n<p> <\/p>\n<p>2. <strong>Asuntos entrados<\/strong>:<\/p>\n<p> <\/p>\n<p>1-Nota solicitud Asociaci\u00f3n Civil \u201cLatidos\u201d (presentada el 21 de abril de 2026)<\/p>\n<p> <\/p>\n<p>2-Nota del Departamento Ejecutivo remitiendo respuesta de un particular a Nota del Concejo Deliberante sobre solicitud de subdivisi\u00f3n de lote (elevada el 23 de abril de 2026)<\/p>\n<p> <\/p>\n<p>3. <strong>Proyecto de Ordenanza <\/strong>Estableciendo una dieta mensual para los Concejales de la Municipalidad de Cerrito (presentado por el Bloque Juntos por Entre R\u00edos, el 21 de abril de 2026)<\/p>\n<p> <\/p>\n<p>4. <strong>Proyecto de Ordenanza <\/strong>Creaci\u00f3n de un Programa de acceso integral a la vivienda y el suelo urbano \u201cMi tierra, mi casa\u201d (presentado por el Bloque Juntos por Entre R\u00edos, el 21 de abril de 2026)<\/p>\n<p> <\/p>\n<p>5. <strong>Proyecto de Ordenanza <\/strong>Comercializaci\u00f3n y Transferencia de 1 (un) lote ubicado en el Parque Industrial \u201cIntendente Orlando Lovera\u201d a la firma Argiros Hern\u00e1n Rodolfo (presentado por el Departamento Ejecutivo Municipal, el 29 de abril de 2026)<\/p>\n<p> <\/p>\n<p>6. <strong>Proyecto de Resoluci\u00f3n <\/strong>Realizaci\u00f3n de jornadas de sensibilizaci\u00f3n y formaci\u00f3n en materia de adicciones en la localidad de Cerrito (presentado por el Bloque Juntos por Entre R\u00edos, el 21 de abril de 2026)<\/p>\n<p> <\/p>\n<p class=\"has-text-align-right\"><strong>\u00a1GRACIAS<\/strong>!<\/p>\n<p><\/p>","protected":false},"excerpt":{"rendered":"<p>El Concejo Deliberante informa a la comunidad que, por Decreto N\u00ba 003,\u00a0se ha convocado a Sesi\u00f3n Ordinaria, para el d\u00eda 6 de mayo de 2026, a las 20.30 horas, en el\u00a0Recinto del Concejo Deliberante, calle Santa Fe N\u00ba 85, a fin detratar los siguientes puntos del Orden del D\u00eda: 1. Lectura y consideraci\u00f3n del Acta [&hellip;]<\/p>\n","protected":false},"author":6,"featured_media":0,"comment_status":"open","ping_status":"open","sticky":false,"template":"","format":"standard","meta":{"_links_to":"","_links_to_target":""},"categories":[3],"tags":[],"_links":{"self":[{"href":"https:\/\/cdcerrito.gob.ar\/index.php?rest_route=\/wp\/v2\/posts\/6660"}],"collection":[{"href":"https:\/\/cdcerrito.gob.ar\/index.php?rest_route=\/wp\/v2\/posts"}],"about":[{"href":"https:\/\/cdcerrito.gob.ar\/index.php?rest_route=\/wp\/v2\/types\/post"}],"author":[{"embeddable":true,"href":"https:\/\/cdcerrito.gob.ar\/index.php?rest_route=\/wp\/v2\/users\/6"}],"replies":[{"embeddable":true,"href":"https:\/\/cdcerrito.gob.ar\/index.php?rest_route=%2Fwp%2Fv2%2Fcomments&post=6660"}],"version-history":[{"count":1,"href":"https:\/\/cdcerrito.gob.ar\/index.php?rest_route=\/wp\/v2\/posts\/6660\/revisions"}],"predecessor-version":[{"id":6662,"href":"https:\/\/cdcerrito.gob.ar\/index.php?rest_route=\/wp\/v2\/posts\/6660\/revisions\/6662"}],"wp:attachment":[{"href":"https:\/\/cdcerrito.gob.ar\/index.php?rest_route=%2Fwp%2Fv2%2Fmedia&parent=6660"}],"wp:term":[{"taxonomy":"category","embeddable":true,"href":"https:\/\/cdcerrito.gob.ar\/index.php?rest_route=%2Fwp%2Fv2%2Fcategories&post=6660"},{"taxonomy":"post_tag","embeddable":true,"href":"https:\/\/cdcerrito.gob.ar\/index.php?rest_route=%2Fwp%2Fv2%2Ftags&post=6660"}],"curies":[{"name":"wp","href":"https:\/\/api.w.org\/{rel}","templated":true}]}}